{"id":4119,"date":"2024-03-27T11:38:54","date_gmt":"2024-03-27T10:38:54","guid":{"rendered":"https:\/\/www.laribere.fr\/camping-familiar-pirineos\/"},"modified":"2025-06-14T20:04:46","modified_gmt":"2025-06-14T18:04:46","slug":"camping-familiar-pirineos","status":"publish","type":"post","link":"https:\/\/www.laribere.fr\/es\/camping-familiar-pirineos\/","title":{"rendered":"Parcelas | Camping Familiar e \u00cdntimo Altos Pirineos"},"content":{"rendered":"<p>[et_pb_section fb_built=\u00bb1&#8243; disabled_on=\u00bboff|off|off\u00bb admin_label=\u00bbSection Nature\u00bb _builder_version=\u00bb4.24.3&#8243; _module_preset=\u00bbdefault\u00bb custom_margin=\u00bb2vh||0px||false|false\u00bb custom_padding=\u00bb0px||0px||true|false\u00bb collapsed=\u00bboff\u00bb global_colors_info=\u00bb{}\u00bb][et_pb_row column_structure=\u00bb2_3,1_3&#8243; admin_label=\u00bbNaturalesa\u00bb _builder_version=\u00bb4.24.3&#8243; _module_preset=\u00bbdefault\u00bb width=\u00bb100%\u00bb max_width=\u00bb90%\u00bb custom_margin=\u00bb3vh||0px||false|false\u00bb custom_padding=\u00bb0px||0px||false|false\u00bb global_colors_info=\u00bb{}\u00bb][et_pb_column type=\u00bb2_3&#8243; _builder_version=\u00bb4.24.1&#8243; _module_preset=\u00bbdefault\u00bb global_colors_info=\u00bb{}\u00bb][et_pb_text admin_label=\u00bbh2 Nature\u00bb _builder_version=\u00bb4.27.4&#8243; _module_preset=\u00bbdefault\u00bb header_2_text_align=\u00bbjustify\u00bb header_2_text_color=\u00bb#000000&#8243; header_2_font_size=\u00bb2.5em\u00bb global_colors_info=\u00bb{}\u00bb]<\/p>\n<h2><strong><span data-token-index=\"0\" class=\"notion-enable-hover\">Camping La Rib\u00e8re Bar\u00e8ges |<\/span><\/strong><\/h2>\n<h2><strong><span data-token-index=\"0\" class=\"notion-enable-hover\"> Parcelas para Tiendas de Campa\u00f1a y Autocaravanas con Vista a los Pirineos<\/span><\/strong><!-- notionvc: 3ce259e1-673d-4145-b32a-2559891eb9cb --><\/h2>\n<p>[\/et_pb_text][et_pb_text admin_label=\u00bbdescription courte\u00bb _builder_version=\u00bb4.27.4&#8243; _module_preset=\u00bbdefault\u00bb text_font_size=\u00bb1.1em\u00bb text_orientation_tablet=\u00bb\u00bb text_orientation_phone=\u00bbjustified\u00bb text_orientation_last_edited=\u00bbon|phone\u00bb global_colors_info=\u00bb{}\u00bb]<\/p>\n<p>En el coraz\u00f3n de un entorno natural preservado y florido, el Camping La Rib\u00e8re les da la bienvenida en sus 16 parcelas espaciosas y privadas. Nuestro camping de tama\u00f1o familiar les ofrece una experiencia \u00fanica, alejado de los grandes complejos tur\u00edsticos. <\/p>\n<h3>\u2728 Parcelas Dise\u00f1adas para Su Comodidad:<\/h3>\n<ul>\n<li>Espacios generosos para tiendas de campa\u00f1a, caravanas y autocaravanas de hasta 7m<\/li>\n<li>Setos naturales que preservan su privacidad<\/li>\n<li>Conexiones el\u00e9ctricas de 10 amperios<\/li>\n<li>Sanitarios modernos e impecables<\/li>\n<li>\u00c1rea de juegos para ni\u00f1os y pista de petanca para momentos de convivencia<\/li>\n<\/ul>\n<h3>\ud83c\udf3f La Autenticidad de un Camping Natural<\/h3>\n<p>Idealmente ubicado a solo 10 minutos a pie de un r\u00edo refrescante y a 5 minutos de la piscina municipal, nuestro camping es el punto de partida perfecto para explorar los tesoros de los Pirineos: Gavarnie, el Pic du Midi, el Col du Tourmalet, el N\u00e9ouvielle y Cauterets.<\/p>\n<p>\ud83d\udcc5 Abierto de mayo a octubre<\/p>\n<p>\ud83c\udfaf Perfecto para: familias, grupos de amigos deportistas y viajeros de paso<\/p>\n<p>\u2b50 Reserve en l\u00ednea ahora y viva una aut\u00e9ntica experiencia de monta\u00f1a.<\/p>\n<p><!-- notionvc: 27fedead-dc18-43de-a67a-ef272d6c183c --><\/p>\n<p>[\/et_pb_text][\/et_pb_column][et_pb_column type=\u00bb1_3&#8243; _builder_version=\u00bb4.24.1&#8243; _module_preset=\u00bbdefault\u00bb global_colors_info=\u00bb{}\u00bb][et_pb_code _builder_version=\u00bb4.24.2&#8243; _module_preset=\u00bbdefault\u00bb global_colors_info=\u00bb{}\u00bb]<ctv-availability data-product-id=\"95511\" data-background-color=\"#FFFFFFFF\"><\/ctv-availability>[\/et_pb_code][\/et_pb_column][\/et_pb_row][\/et_pb_section][et_pb_section fb_built=\u00bb1&#8243; admin_label=\u00bbSection Nature\u00bb _builder_version=\u00bb4.24.3&#8243; _module_preset=\u00bbdefault\u00bb custom_padding=\u00bb3px||5vh||false|false\u00bb collapsed=\u00bboff\u00bb global_colors_info=\u00bb{}\u00bb][et_pb_row column_structure=\u00bb2_3,1_3&#8243; use_custom_gutter=\u00bbon\u00bb gutter_width=\u00bb2&#8243; admin_label=\u00bbNaturalesa\u00bb _builder_version=\u00bb4.24.3&#8243; _module_preset=\u00bbdefault\u00bb width=\u00bb90%\u00bb max_width=\u00bb90%\u00bb custom_margin=\u00bb||0px||false|false\u00bb custom_padding=\u00bb||0px||false|false\u00bb global_colors_info=\u00bb{}\u00bb][et_pb_column type=\u00bb2_3&#8243; _builder_version=\u00bb4.24.0&#8243; _module_preset=\u00bbdefault\u00bb custom_padding=\u00bb|0px|||false|false\u00bb global_colors_info=\u00bb{}\u00bb][et_pb_slider disabled_on=\u00bboff|off|off\u00bb _builder_version=\u00bb4.27.4&#8243; _module_preset=\u00bbdefault\u00bb min_height=\u00bb540px\u00bb global_colors_info=\u00bb{}\u00bb][et_pb_slide _builder_version=\u00bb4.27.4&#8243; _module_preset=\u00bbdefault\u00bb background_enable_color=\u00bboff\u00bb background_image=\u00bbhttps:\/\/www.laribere.fr\/wp-content\/uploads\/2024\/03\/DSC03570.webp\u00bb background_enable_image=\u00bbon\u00bb global_colors_info=\u00bb{}\u00bb sticky_transition=\u00bbon\u00bb][\/et_pb_slide][et_pb_slide _builder_version=\u00bb4.27.4&#8243; _module_preset=\u00bbdefault\u00bb background_enable_color=\u00bboff\u00bb background_image=\u00bbhttps:\/\/www.laribere.fr\/wp-content\/uploads\/2024\/03\/DSC03561.webp\u00bb background_enable_image=\u00bbon\u00bb global_colors_info=\u00bb{}\u00bb sticky_transition=\u00bbon\u00bb][\/et_pb_slide][et_pb_slide _builder_version=\u00bb4.27.4&#8243; _module_preset=\u00bbdefault\u00bb background_enable_color=\u00bboff\u00bb background_image=\u00bbhttps:\/\/www.laribere.fr\/wp-content\/uploads\/2024\/05\/kzk5IMs9.webp\u00bb background_enable_image=\u00bbon\u00bb global_colors_info=\u00bb{}\u00bb sticky_transition=\u00bbon\u00bb][\/et_pb_slide][\/et_pb_slider][\/et_pb_column][et_pb_column type=\u00bb1_3&#8243; _builder_version=\u00bb4.24.0&#8243; _module_preset=\u00bbdefault\u00bb custom_padding=\u00bb|||0px|false|false\u00bb global_colors_info=\u00bb{}\u00bb][et_pb_image src=\u00bbhttps:\/\/www.laribere.fr\/wp-content\/uploads\/2024\/02\/camping-la-ribere-9-1.webp\u00bb alt=\u00bbcamping familial Pyr\u00e9n\u00e9es\u00bb title_text=\u00bbcamping-la-ribere-9 (1)\u00bb force_fullwidth=\u00bbon\u00bb admin_label=\u00bbImage Lat\u00e9rale 1&#8243; _builder_version=\u00bb4.25.1&#8243; _module_preset=\u00bbdefault\u00bb min_height=\u00bb255px\u00bb max_height=\u00bb255px\u00bb custom_margin=\u00bb||30px||false|false\u00bb global_colors_info=\u00bb{}\u00bb][\/et_pb_image][et_pb_image src=\u00bbhttps:\/\/www.laribere.fr\/wp-content\/uploads\/2024\/03\/camping-emplacement1-copie.webp\u00bb title_text=\u00bbcamping-emplacement1-copie\u00bb force_fullwidth=\u00bbon\u00bb admin_label=\u00bbImage Lat\u00e9rale 2&#8243; _builder_version=\u00bb4.25.1&#8243; _module_preset=\u00bbdefault\u00bb min_height=\u00bb255px\u00bb max_height=\u00bb255px\u00bb global_colors_info=\u00bb{}\u00bb][\/et_pb_image][\/et_pb_column][\/et_pb_row][et_pb_row column_structure=\u00bb2_3,1_3&#8243; use_custom_gutter=\u00bbon\u00bb gutter_width=\u00bb2&#8243; admin_label=\u00bbNaturalesa\u00bb _builder_version=\u00bb4.24.3&#8243; _module_preset=\u00bbdefault\u00bb width=\u00bb90%\u00bb max_width=\u00bb90%\u00bb custom_margin=\u00bb||0px||false|false\u00bb custom_padding=\u00bb||0px||false|false\u00bb global_colors_info=\u00bb{}\u00bb][et_pb_column type=\u00bb2_3&#8243; _builder_version=\u00bb4.24.2&#8243; _module_preset=\u00bbdefault\u00bb global_colors_info=\u00bb{}\u00bb][et_pb_text admin_label=\u00bbTitre : Descriptif\u00bb _builder_version=\u00bb4.27.4&#8243; _module_preset=\u00bbdefault\u00bb hover_enabled=\u00bb0&#8243; global_colors_info=\u00bb{}\u00bb sticky_enabled=\u00bb0&#8243;]<\/p>\n<h2>Descripci\u00f3n<\/h2>\n<p>[\/et_pb_text][\/et_pb_column][et_pb_column type=\u00bb1_3&#8243; _builder_version=\u00bb4.24.2&#8243; _module_preset=\u00bbdefault\u00bb global_colors_info=\u00bb{}\u00bb][et_pb_text disabled_on=\u00bbon|on|off\u00bb admin_label=\u00bbTitre : promo\u00bb _builder_version=\u00bb4.26.0&#8243; _module_preset=\u00bbdefault\u00bb global_colors_info=\u00bb{}\u00bb]<\/p>\n<h2>Promociones del momento<\/h2>\n<p>[\/et_pb_text][\/et_pb_column][\/et_pb_row][et_pb_row column_structure=\u00bb1_3,1_3,1_3&#8243; use_custom_gutter=\u00bbon\u00bb gutter_width=\u00bb2&#8243; make_equal=\u00bbon\u00bb admin_label=\u00bbNaturalesa\u00bb _builder_version=\u00bb4.24.3&#8243; _module_preset=\u00bbdefault\u00bb width=\u00bb90%\u00bb max_width=\u00bb90%\u00bb global_colors_info=\u00bb{}\u00bb][et_pb_column type=\u00bb1_3&#8243; _builder_version=\u00bb4.24.0&#8243; _module_preset=\u00bbdefault\u00bb custom_padding=\u00bb|0px|||false|false\u00bb global_colors_info=\u00bb{}\u00bb][et_pb_toggle title=\u00bbGeneral\u00bb open_toggle_background_color=\u00bb#FFFFFF\u00bb closed_toggle_background_color=\u00bb#f9f9f9&#8243; icon_color=\u00bb#0c71c3&#8243; toggle_icon=\u00bb&#xe038;||divi||400&#8243; use_icon_font_size=\u00bbon\u00bb icon_font_size=\u00bb25px\u00bb open_icon_color=\u00bb#000000&#8243; open_toggle_icon=\u00bb&#xe038;||divi||400&#8243; open_use_icon_font_size=\u00bbon\u00bb open_icon_font_size=\u00bb17px\u00bb _builder_version=\u00bb4.25.1&#8243; _module_preset=\u00bbdefault\u00bb title_text_color=\u00bb#173740&#8243; title_level=\u00bbh3&#8243; border_width_all=\u00bb0px\u00bb border_color_all=\u00bbRGBA(255,255,255,0)\u00bb icon_color__hover=\u00bb#000000&#8243; icon_color__hover_enabled=\u00bbon|desktop\u00bb global_colors_info=\u00bb{}\u00bb closed_toggle_text_color__hover_enabled=\u00bbon|hover\u00bb closed_toggle_text_color__hover=\u00bb#000000&#8243; open_toggle_text_color__hover_enabled=\u00bbon|desktop\u00bb title_text_color__hover=\u00bb#000000&#8243; title_text_color__hover_enabled=\u00bbon|desktop\u00bb]<\/p>\n<ul>\n<li><strong>Tipo de parcela<span>: <\/span> Esta \u00e1rea est\u00e1 designada para tiendas de campa\u00f1a, caravanas y autocaravanas con una longitud m\u00e1xima de 7 metros. Puede alojar a 2-6 personas.<\/strong><\/li>\n<li><strong>Situaci\u00f3n: <span>Estos <\/span> sitios est\u00e1n situados en una terraza, ofreciendo una vista privilegiada de la monta\u00f1a. Proporcionan un entorno perfecto para los amantes de la naturaleza.<\/strong><\/li>\n<li><strong>Terreno: Las parcelas tienen una superficie de <span>c\u00e9sped<\/span>, que es ideal para montar tiendas de campa\u00f1a o estacionar caravanas y autocaravanas.<\/strong><\/li>\n<\/ul>\n<p>[\/et_pb_toggle][et_pb_toggle title=\u00bbSituaci\u00f3n y Vista\u00bb open_toggle_background_color=\u00bb#FFFFFF\u00bb closed_toggle_background_color=\u00bb#f9f9f9&#8243; icon_color=\u00bb#0c71c3&#8243; toggle_icon=\u00bb&#xf1e5;||fa||900&#8243; use_icon_font_size=\u00bbon\u00bb icon_font_size=\u00bb25px\u00bb open_icon_color=\u00bb#000000&#8243; open_toggle_icon=\u00bb&#xf1e5;||fa||900&#8243; open_use_icon_font_size=\u00bbon\u00bb open_icon_font_size=\u00bb17px\u00bb _builder_version=\u00bb4.25.1&#8243; _module_preset=\u00bbdefault\u00bb title_text_color=\u00bb#173740&#8243; title_level=\u00bbh3&#8243; border_width_all=\u00bb0px\u00bb border_color_all=\u00bbRGBA(255,255,255,0)\u00bb icon_color__hover=\u00bb#000000&#8243; icon_color__hover_enabled=\u00bbon|hover\u00bb global_colors_info=\u00bb{}\u00bb open_toggle_text_color__hover_enabled=\u00bbon|desktop\u00bb open_toggle_text_color__hover=\u00bb#000000&#8243; title_text_color__hover_enabled=\u00bbon|desktop\u00bb title_text_color__hover=\u00bb#000000&#8243;]<\/p>\n<ul>\n<li><strong>Vista a la monta\u00f1a: <span>Cada <\/span> ubicaci\u00f3n ofrece una vista impresionante de las monta\u00f1as circundantes, asegurando un inicio majestuoso de cada d\u00eda.<\/strong><\/li>\n<li><strong>Exposici\u00f3n: Las <span>ubicaciones <\/span> soleadas garantizan una estancia brillante y agradable.<\/strong><\/li>\n<\/ul>\n<p>[\/et_pb_toggle][et_pb_toggle title=\u00bbInformaci\u00f3n adicional\u00bb open_toggle_background_color=\u00bb#FFFFFF\u00bb closed_toggle_background_color=\u00bb#f9f9f9&#8243; icon_color=\u00bb#0c71c3&#8243; toggle_icon=\u00bb&#xf129;||fa||900&#8243; use_icon_font_size=\u00bbon\u00bb icon_font_size=\u00bb25px\u00bb open_icon_color=\u00bb#000000&#8243; open_toggle_icon=\u00bb&#xf129;||fa||900&#8243; open_use_icon_font_size=\u00bbon\u00bb open_icon_font_size=\u00bb17px\u00bb _builder_version=\u00bb4.26.0&#8243; _module_preset=\u00bbdefault\u00bb title_text_color=\u00bb#173740&#8243; title_level=\u00bbh3&#8243; border_width_all=\u00bb0px\u00bb border_color_all=\u00bbRGBA(255,255,255,0)\u00bb icon_color__hover=\u00bb#000000&#8243; icon_color__hover_enabled=\u00bbon|hover\u00bb global_colors_info=\u00bb{}\u00bb open_toggle_text_color__hover_enabled=\u00bbon|desktop\u00bb title_text_color__hover_enabled=\u00bbon|desktop\u00bb title_text_color__hover=\u00bb#000000&#8243;]<\/p>\n<ul>\n<li><strong>Mascotas: <span>Solo <\/span> aceptamos una mascota bajo ciertas condiciones. Estas incluyen el pago de una tarifa adicional, mantener la mascota con correa, presentar un registro de vacunaci\u00f3n v\u00e1lido y que la mascota pese menos de 10kg. Sin embargo, no permitimos perros de las categor\u00edas 1 y 2, ni gatos.<\/strong><\/li>\n<li><strong>Separaci\u00f3n selectiva de residuos: <span>Ofrecemos <\/span> instalaciones para promover la separaci\u00f3n selectiva de residuos y el respeto al medio ambiente.<\/strong><\/li>\n<li><strong>Reserva:<\/strong> Para reservar en l\u00ednea, la estancia m\u00ednima es de 2 noches en temporada baja y 3 noches en temporada alta. Si desea una estancia m\u00e1s corta, ll\u00e1menos con 24 horas de anticipaci\u00f3n para verificar la disponibilidad. <\/li>\n<\/ul>\n<p>[\/et_pb_toggle][\/et_pb_column][et_pb_column type=\u00bb1_3&#8243; _builder_version=\u00bb4.24.0&#8243; _module_preset=\u00bbdefault\u00bb custom_padding=\u00bb|||0px|false|false\u00bb global_colors_info=\u00bb{}\u00bb][et_pb_toggle title=\u00bbConexiones\u00bb open_toggle_background_color=\u00bb#FFFFFF\u00bb closed_toggle_background_color=\u00bb#f9f9f9&#8243; icon_color=\u00bb#0c71c3&#8243; toggle_icon=\u00bb&#xf1e6;||fa||900&#8243; use_icon_font_size=\u00bbon\u00bb icon_font_size=\u00bb25px\u00bb open_icon_color=\u00bb#000000&#8243; open_toggle_icon=\u00bb&#xf1e6;||fa||900&#8243; open_use_icon_font_size=\u00bbon\u00bb open_icon_font_size=\u00bb17px\u00bb _builder_version=\u00bb4.25.1&#8243; _module_preset=\u00bbdefault\u00bb title_text_color=\u00bb#173740&#8243; title_level=\u00bbh3&#8243; border_width_all=\u00bb0px\u00bb border_color_all=\u00bbRGBA(255,255,255,0)\u00bb icon_color__hover=\u00bb#000000&#8243; icon_color__hover_enabled=\u00bbon|hover\u00bb global_colors_info=\u00bb{}\u00bb closed_toggle_text_color__hover_enabled=\u00bbon|hover\u00bb closed_toggle_text_color__hover=\u00bb#000000&#8243; open_toggle_text_color__hover_enabled=\u00bbon|desktop\u00bb title_text_color__hover=\u00bb#000000&#8243; title_text_color__hover_enabled=\u00bbon|desktop\u00bb]<\/p>\n<ul>\n<li><strong>Electricidad: Las <span>conexiones <\/span> el\u00e9ctricas est\u00e1n disponibles con enchufes europeos (4, 6 y 10 Amp) por un cargo adicional.<\/strong><\/li>\n<li><strong>Punto de agua: El <span>acceso <\/span> a un punto de agua cercano est\u00e1 disponible para facilitar su suministro.<\/strong><\/li>\n<\/ul>\n<p>[\/et_pb_toggle][et_pb_toggle title=\u00bbInstalaciones Sanitarias\u00bb open_toggle_background_color=\u00bb#FFFFFF\u00bb closed_toggle_background_color=\u00bb#f9f9f9&#8243; icon_color=\u00bb#0c71c3&#8243; toggle_icon=\u00bb&#xf7bd;||fa||900&#8243; use_icon_font_size=\u00bbon\u00bb icon_font_size=\u00bb25px\u00bb open_icon_color=\u00bb#000000&#8243; open_toggle_icon=\u00bb&#xf7bd;||fa||900&#8243; open_use_icon_font_size=\u00bbon\u00bb open_icon_font_size=\u00bb17px\u00bb _builder_version=\u00bb4.25.1&#8243; _module_preset=\u00bbdefault\u00bb title_text_color=\u00bb#173740&#8243; title_level=\u00bbh3&#8243; border_width_all=\u00bb0px\u00bb border_color_all=\u00bbRGBA(255,255,255,0)\u00bb icon_color__hover=\u00bb#000000&#8243; icon_color__hover_enabled=\u00bbon|hover\u00bb global_colors_info=\u00bb{}\u00bb open_toggle_text_color__hover_enabled=\u00bbon|desktop\u00bb open_toggle_text_color__hover=\u00bb#000000&#8243; title_text_color__hover_enabled=\u00bbon|desktop\u00bb title_text_color__hover=\u00bb#000000&#8243;]<\/p>\n<ul>\n<li><strong>Acceso a duchas: Las <span>instalaciones <\/span> disponen de duchas, adecuadas para personas con movilidad reducida, garantizando su uso por todos.<\/strong><\/li>\n<li><span class=\"TextRun SCXW122656464 BCX0\" lang=\"FR-FR\" xml:lang=\"FR-FR\" data-contrast=\"auto\"><span class=\"NormalTextRun SCXW122656464 BCX0\">Lavander\u00eda: Est\u00e1 equipada con lavadora y secadora.<\/span><\/span><\/li>\n<\/ul>\n<p>[\/et_pb_toggle][et_pb_toggle title=\u00bbServicios\u00bb open_toggle_background_color=\u00bb#FFFFFF\u00bb closed_toggle_background_color=\u00bb#f9f9f9&#8243; icon_color=\u00bb#0c71c3&#8243; toggle_icon=\u00bb&#xf540;||fa||900&#8243; use_icon_font_size=\u00bbon\u00bb icon_font_size=\u00bb25px\u00bb open_icon_color=\u00bb#000000&#8243; open_toggle_icon=\u00bb&#xf540;||fa||900&#8243; open_use_icon_font_size=\u00bbon\u00bb open_icon_font_size=\u00bb17px\u00bb _builder_version=\u00bb4.25.1&#8243; _module_preset=\u00bbdefault\u00bb title_text_color=\u00bb#173740&#8243; title_level=\u00bbh3&#8243; border_width_all=\u00bb0px\u00bb border_color_all=\u00bbRGBA(255,255,255,0)\u00bb icon_color__hover=\u00bb#000000&#8243; icon_color__hover_enabled=\u00bbon|hover\u00bb global_colors_info=\u00bb{}\u00bb open_toggle_text_color__hover_enabled=\u00bbon|desktop\u00bb title_text_color__hover_enabled=\u00bbon|desktop\u00bb title_text_color__hover=\u00bb#000000&#8243;]<\/p>\n<ul>\n<li><strong>Wi-Fi: Por un <span>cargo <\/span> extra, se ofrece acceso a Wi-Fi en toda la propiedad, permiti\u00e9ndote mantener la conexi\u00f3n durante tu estancia.<\/strong><\/li>\n<li><span class=\"NormalTextRun SCXW97218823 BCX0\"><strong>Acceso a la Sala <span>Com\u00fan<\/span>: Tienes acceso a la <a href=\"https:\/\/www.laribere.fr\/es\/servicios-y-equipamiento\/\">sala de juegos<\/a> de la biblioteca.<\/strong><\/span><\/li>\n<li><span class=\"TextRun SCXW97218823 BCX0\" lang=\"FR-FR\" xml:lang=\"FR-FR\" data-contrast=\"auto\"><span class=\"NormalTextRun SCXW97218823 BCX0\"><strong>\u00c1rea de servicio para <span>campistas<\/span>: Este servicio est\u00e1 reservado para nuestros campistas.<\/strong><\/span><\/span><\/li>\n<li><span class=\"TextRun SCXW41265105 BCX0\" lang=\"FR-FR\" xml:lang=\"FR-FR\" data-contrast=\"auto\"><span class=\"NormalTextRun SCXW41265105 BCX0\"><strong>Tiendas: Se encuentran disponibles a solo 5 <span>minutos <\/span> a pie.<\/strong><\/span><\/span><\/li>\n<\/ul>\n<p>[\/et_pb_toggle][\/et_pb_column][et_pb_column type=\u00bb1_3&#8243; _builder_version=\u00bb4.24.0&#8243; _module_preset=\u00bbdefault\u00bb custom_padding=\u00bb|||0px|false|false\u00bb global_colors_info=\u00bb{}\u00bb][et_pb_code disabled_on=\u00bbon|on|off\u00bb _builder_version=\u00bb4.27.0&#8243; _module_preset=\u00bbdefault\u00bb global_colors_info=\u00bb{}\u00bb]<ctv-offers data-product-id=\"95511\" data-display-mode=\"classic\"><\/ctv-offers>[\/et_pb_code][et_pb_code disabled_on=\u00bboff|off|on\u00bb _builder_version=\u00bb4.27.0&#8243; _module_preset=\u00bbdefault\u00bb custom_padding=\u00bb|||5%|false|false\u00bb custom_padding_tablet=\u00bb|||5%|false|false\u00bb custom_padding_phone=\u00bb|||0%|false|false\u00bb custom_padding_last_edited=\u00bbon|desktop\u00bb global_colors_info=\u00bb{}\u00bb]<\/p>\n<h2><!-- [et_pb_line_break_holder] --> Promociones del momento<!-- [et_pb_line_break_holder] --><\/h2>\n<p><!-- [et_pb_line_break_holder] --><ctv-offers data-product-id=\"95511\" data-display-mode=\"classic\"><\/ctv-offers>[\/et_pb_code][\/et_pb_column][\/et_pb_row][et_pb_row column_structure=\u00bb2_3,1_3&#8243; admin_label=\u00bbNaturalesa\u00bb _builder_version=\u00bb4.24.3&#8243; _module_preset=\u00bbdefault\u00bb width=\u00bb100%\u00bb max_width=\u00bb90%\u00bb locked=\u00bboff\u00bb global_colors_info=\u00bb{}\u00bb][et_pb_column type=\u00bb2_3&#8243; _builder_version=\u00bb4.24.3&#8243; _module_preset=\u00bbdefault\u00bb global_colors_info=\u00bb{}\u00bb][et_pb_toggle title=\u00bbRese\u00f1as de Clientes\u00bb open_toggle_text_color=\u00bb#FFFFFF\u00bb open_toggle_background_color=\u00bb#393b3f\u00bb closed_toggle_text_color=\u00bb#FFFFFF\u00bb closed_toggle_background_color=\u00bb#393b3f\u00bb icon_color=\u00bb#FFFFFF\u00bb toggle_icon=\u00bb&#x50;||divi||400&#8243; use_icon_font_size=\u00bbon\u00bb icon_font_size=\u00bb32px\u00bb open_icon_color=\u00bb#FFFFFF\u00bb open_toggle_icon=\u00bb&#x4f;||divi||400&#8243; open_use_icon_font_size=\u00bbon\u00bb open_icon_font_size=\u00bb32px\u00bb _builder_version=\u00bb4.25.0&#8243; _module_preset=\u00bbdefault\u00bb title_text_color=\u00bb#FFFFFF\u00bb title_text_align=\u00bbjustify\u00bb title_font_size=\u00bb2em\u00bb title_line_height=\u00bb1.5em\u00bb closed_title_text_align=\u00bbjustify\u00bb closed_title_font_size=\u00bb2em\u00bb closed_title_line_height=\u00bb2em\u00bb body_text_align=\u00bbjustify\u00bb body_text_color=\u00bb#FFFFFF\u00bb body_font_size=\u00bb1em\u00bb text_orientation=\u00bbjustified\u00bb global_colors_info=\u00bb{}\u00bb]<ctv-reviews-list data-product-id=\"95511\"><\/ctv-reviews-list>[\/et_pb_toggle][\/et_pb_column][et_pb_column type=\u00bb1_3&#8243; _builder_version=\u00bb4.24.3&#8243; _module_preset=\u00bbdefault\u00bb global_colors_info=\u00bb{}\u00bb][\/et_pb_column][\/et_pb_row][\/et_pb_section][et_pb_section fb_built=\u00bb1&#8243; disabled_on=\u00bboff|off|off\u00bb admin_label=\u00bbSection GR10&#8243; _builder_version=\u00bb4.24.3&#8243; _module_preset=\u00bbdefault\u00bb custom_margin=\u00bb2vh||0px||false|false\u00bb custom_padding=\u00bb0px||0px||true|false\u00bb collapsed=\u00bboff\u00bb global_colors_info=\u00bb{}\u00bb][et_pb_row column_structure=\u00bb2_3,1_3&#8243; admin_label=\u00bbGR10&#8243; _builder_version=\u00bb4.24.3&#8243; _module_preset=\u00bbdefault\u00bb width=\u00bb100%\u00bb max_width=\u00bb90%\u00bb custom_margin=\u00bb3vh||0px||false|false\u00bb custom_padding=\u00bb0px||0px||false|false\u00bb collapsed=\u00bboff\u00bb global_colors_info=\u00bb{}\u00bb][et_pb_column type=\u00bb2_3&#8243; _builder_version=\u00bb4.24.1&#8243; _module_preset=\u00bbdefault\u00bb global_colors_info=\u00bb{}\u00bb][et_pb_text admin_label=\u00bbH2 GR10&#8243; _builder_version=\u00bb4.27.4&#8243; _module_preset=\u00bbdefault\u00bb global_colors_info=\u00bb{}\u00bb]<\/p>\n<h2><strong>Tu Parada Ideal en el GR10: Camping La Rib\u00e8re en Bar\u00e8ges<\/strong><\/h2>\n<h2><!-- notionvc: c11afc9c-a518-4b0d-b627-8479db6eea03 --><\/h2>\n<p>[\/et_pb_text][et_pb_text admin_label=\u00bbdescription GR10&#8243; _builder_version=\u00bb4.27.4&#8243; _module_preset=\u00bbdefault\u00bb text_font_size=\u00bb1.1em\u00bb text_orientation_tablet=\u00bb\u00bb text_orientation_phone=\u00bbjustified\u00bb text_orientation_last_edited=\u00bbon|phone\u00bb global_colors_info=\u00bb{}\u00bb]<\/p>\n<p>Descubra nuestro espacio compartido especialmente dise\u00f1ado para senderistas del GR10 y ciclistas que atraviesan los Pirineos. Situado en un entorno excepcional con vistas panor\u00e1micas a las majestuosas cumbres pirenaicas, nuestro camping ofrece una parada revitalizante en su ruta hacia el N\u00e9ouvielle o el Col du Tourmalet. <\/p>\n<p>\ud83c\udfd5\ufe0f <strong>Simplicidad y Comodidad para Viajeros Itinerantes<\/strong><\/p>\n<ul>\n<li>Tarifa que incluye parcela para 1 o 2 personas + tu tienda de trekking<\/li>\n<li>Reserva flexible: ll\u00e1manos la ma\u00f1ana de tu llegada (no realizamos reservas previas)<\/li>\n<li>Acceso r\u00e1pido a comercios a 5 minutos a pie<\/li>\n<\/ul>\n<p>\ud83d\udecb\ufe0f <strong>Servicios Pensados para Tu Comodidad<\/strong><\/p>\n<ul>\n<li>Sanitarios modernos y perfectamente mantenidos<\/li>\n<li>Lavander\u00eda equipada para refrescar tu equipamiento<\/li>\n<li>Zona de relajaci\u00f3n con biblioteca y juegos de mesa<\/li>\n<li>Cocina com\u00fan equipada (microondas, hervidor de agua y frigor\u00edfico)<\/li>\n<\/ul>\n<p>\u2728 <strong>Bonus Bienestar<\/strong><\/p>\n<p>Despu\u00e9s de tu d\u00eda de senderismo, aprovecha las termas de Bar\u00e8ges situadas en el pueblo para una recuperaci\u00f3n \u00f3ptima.<\/p>\n<p>Ya seas senderista del GR10 o ciclista, date un merecido descanso en nuestro camping de los Altos Pirineos. \u00a1Te garantizamos una reserva sencilla y una c\u00e1lida bienvenida! <\/p>\n<p><!-- notionvc: 4276c83a-3502-4fc6-8def-039fef223b8d --><\/p>\n<p>[\/et_pb_text][\/et_pb_column][et_pb_column type=\u00bb1_3&#8243; _builder_version=\u00bb4.24.1&#8243; _module_preset=\u00bbdefault\u00bb global_colors_info=\u00bb{}\u00bb][et_pb_text admin_label=\u00bbdescription GR10&#8243; _builder_version=\u00bb4.27.4&#8243; _module_preset=\u00bbdefault\u00bb text_font_size=\u00bb1.1em\u00bb text_orientation_tablet=\u00bb\u00bb text_orientation_phone=\u00bbjustified\u00bb text_orientation_last_edited=\u00bbon|phone\u00bb global_colors_info=\u00bb{}\u00bb]<\/p>\n<h2><strong>Tarifas y Reservas<\/strong><\/h2>\n<h3><strong><span data-token-index=\"0\" class=\"notion-enable-hover\">\ud83d\udcde Importante : <\/span><\/strong><\/h3>\n<p><span data-token-index=\"0\" class=\"notion-enable-hover\">Para senderistas del GR10 y ciclistas:<\/span> <span data-token-index=\"0\" class=\"notion-enable-hover\">Reserva por tel\u00e9fono \u00fanicamente el mismo d\u00eda de llegada al 06 62 92 69 01<\/span> <\/p>\n<h4><strong><span data-token-index=\"0\" class=\"notion-enable-hover\">Parcela reservada exclusivamente para viajeros que cruzan los Pirineos a pie o en bicicleta, sin veh\u00edculos motorizados.<\/span><\/strong> <!-- notionvc: 3d94a35e-65b3-48f3-b6f2-25ad72dc19e8 --><\/h4>\n<p><strong><span data-token-index=\"0\" class=\"notion-enable-hover\"><\/span><\/strong><\/p>\n<p><strong><span data-token-index=\"0\" class=\"notion-enable-hover\"><\/span><\/strong><\/p>\n<h3><strong>Tarifas : <\/strong><\/h3>\n<p>Parcela compartida 1 senderista GR10\/ciclista + 1 tienda de trekking: 8,54\u20ac<br \/>Persona adicional: 5,50\u20ac<br \/>Tasa tur\u00edstica: 0,86\u20ac por adulto<\/p>\n<p>[\/et_pb_text][\/et_pb_column][\/et_pb_row][\/et_pb_section][et_pb_section fb_built=\u00bb1&#8243; admin_label=\u00bbSection GR10&#8243; _builder_version=\u00bb4.24.3&#8243; _module_preset=\u00bbdefault\u00bb custom_padding=\u00bb3px||5vh||false|false\u00bb collapsed=\u00bboff\u00bb global_colors_info=\u00bb{}\u00bb][et_pb_row column_structure=\u00bb2_3,1_3&#8243; use_custom_gutter=\u00bbon\u00bb gutter_width=\u00bb2&#8243; admin_label=\u00bbGR10&#8243; _builder_version=\u00bb4.24.3&#8243; _module_preset=\u00bbdefault\u00bb width=\u00bb90%\u00bb max_width=\u00bb90%\u00bb custom_margin=\u00bb||0px||false|false\u00bb custom_padding=\u00bb||0px||false|false\u00bb collapsed=\u00bboff\u00bb global_colors_info=\u00bb{}\u00bb][et_pb_column type=\u00bb2_3&#8243; _builder_version=\u00bb4.24.0&#8243; _module_preset=\u00bbdefault\u00bb custom_padding=\u00bb|0px|||false|false\u00bb global_colors_info=\u00bb{}\u00bb][et_pb_slider disabled_on=\u00bboff|off|off\u00bb _builder_version=\u00bb4.27.4&#8243; _module_preset=\u00bbdefault\u00bb min_height=\u00bb540px\u00bb global_colors_info=\u00bb{}\u00bb][et_pb_slide _builder_version=\u00bb4.27.4&#8243; _module_preset=\u00bbdefault\u00bb background_enable_color=\u00bboff\u00bb background_image=\u00bbhttps:\/\/www.laribere.fr\/wp-content\/uploads\/2024\/05\/emplacement-camping-laribere1.webp\u00bb background_enable_image=\u00bbon\u00bb global_colors_info=\u00bb{}\u00bb sticky_transition=\u00bbon\u00bb][\/et_pb_slide][et_pb_slide _builder_version=\u00bb4.27.4&#8243; _module_preset=\u00bbdefault\u00bb background_enable_color=\u00bboff\u00bb background_image=\u00bbhttps:\/\/www.laribere.fr\/wp-content\/uploads\/2024\/03\/IMG_20200801_143621.webp\u00bb background_enable_image=\u00bbon\u00bb global_colors_info=\u00bb{}\u00bb sticky_transition=\u00bbon\u00bb][\/et_pb_slide][et_pb_slide _builder_version=\u00bb4.27.4&#8243; _module_preset=\u00bbdefault\u00bb background_enable_color=\u00bboff\u00bb background_image=\u00bbhttps:\/\/www.laribere.fr\/wp-content\/uploads\/2024\/03\/20240413_155644.webp\u00bb background_enable_image=\u00bbon\u00bb global_colors_info=\u00bb{}\u00bb sticky_transition=\u00bbon\u00bb][\/et_pb_slide][\/et_pb_slider][\/et_pb_column][et_pb_column type=\u00bb1_3&#8243; _builder_version=\u00bb4.24.0&#8243; _module_preset=\u00bbdefault\u00bb custom_padding=\u00bb|||0px|false|false\u00bb global_colors_info=\u00bb{}\u00bb][et_pb_image src=\u00bbhttps:\/\/www.laribere.fr\/wp-content\/uploads\/2024\/05\/activite-randonne-laribere2.webp\u00bb title_text=\u00bbactivit\u00e9 randonn\u00e9 laribere2&#8243; force_fullwidth=\u00bbon\u00bb admin_label=\u00bbImage Lat\u00e9rale 1&#8243; _builder_version=\u00bb4.25.1&#8243; _module_preset=\u00bbdefault\u00bb min_height=\u00bb255px\u00bb max_height=\u00bb255px\u00bb custom_margin=\u00bb||30px||false|false\u00bb global_colors_info=\u00bb{}\u00bb][\/et_pb_image][et_pb_image src=\u00bbhttps:\/\/www.laribere.fr\/wp-content\/uploads\/2024\/05\/wXzGKh3N.webp\u00bb title_text=\u00bbsalle commune laribere\u00bb force_fullwidth=\u00bbon\u00bb admin_label=\u00bbImage Lat\u00e9rale 2&#8243; _builder_version=\u00bb4.25.1&#8243; _module_preset=\u00bbdefault\u00bb min_height=\u00bb255px\u00bb max_height=\u00bb255px\u00bb global_colors_info=\u00bb{}\u00bb][\/et_pb_image][\/et_pb_column][\/et_pb_row][et_pb_row column_structure=\u00bb2_3,1_3&#8243; use_custom_gutter=\u00bbon\u00bb gutter_width=\u00bb2&#8243; admin_label=\u00bbGR10&#8243; _builder_version=\u00bb4.24.3&#8243; _module_preset=\u00bbdefault\u00bb width=\u00bb90%\u00bb max_width=\u00bb90%\u00bb custom_margin=\u00bb||0px||false|false\u00bb custom_padding=\u00bb||0px||false|false\u00bb collapsed=\u00bboff\u00bb global_colors_info=\u00bb{}\u00bb][et_pb_column type=\u00bb2_3&#8243; _builder_version=\u00bb4.24.2&#8243; _module_preset=\u00bbdefault\u00bb global_colors_info=\u00bb{}\u00bb][et_pb_text admin_label=\u00bbTitre : Descriptif\u00bb _builder_version=\u00bb4.27.4&#8243; _module_preset=\u00bbdefault\u00bb hover_enabled=\u00bb0&#8243; global_colors_info=\u00bb{}\u00bb sticky_enabled=\u00bb0&#8243;]<\/p>\n<h2>Descripci\u00f3n<\/h2>\n<p>[\/et_pb_text][\/et_pb_column][et_pb_column type=\u00bb1_3&#8243; _builder_version=\u00bb4.24.2&#8243; _module_preset=\u00bbdefault\u00bb global_colors_info=\u00bb{}\u00bb][\/et_pb_column][\/et_pb_row][et_pb_row column_structure=\u00bb1_3,1_3,1_3&#8243; use_custom_gutter=\u00bbon\u00bb gutter_width=\u00bb2&#8243; make_equal=\u00bbon\u00bb admin_label=\u00bbGR10&#8243; _builder_version=\u00bb4.24.3&#8243; _module_preset=\u00bbdefault\u00bb width=\u00bb90%\u00bb max_width=\u00bb90%\u00bb collapsed=\u00bboff\u00bb global_colors_info=\u00bb{}\u00bb][et_pb_column type=\u00bb1_3&#8243; _builder_version=\u00bb4.24.0&#8243; _module_preset=\u00bbdefault\u00bb custom_padding=\u00bb|0px|||false|false\u00bb global_colors_info=\u00bb{}\u00bb][et_pb_toggle title=\u00bbGeneral\u00bb open_toggle_background_color=\u00bb#FFFFFF\u00bb closed_toggle_background_color=\u00bb#f9f9f9&#8243; icon_color=\u00bb#0c71c3&#8243; toggle_icon=\u00bb&#xe038;||divi||400&#8243; use_icon_font_size=\u00bbon\u00bb icon_font_size=\u00bb25px\u00bb open_icon_color=\u00bb#000000&#8243; open_toggle_icon=\u00bb&#xe038;||divi||400&#8243; open_use_icon_font_size=\u00bbon\u00bb open_icon_font_size=\u00bb17px\u00bb _builder_version=\u00bb4.25.1&#8243; _module_preset=\u00bbdefault\u00bb title_text_color=\u00bb#173740&#8243; title_level=\u00bbh3&#8243; border_width_all=\u00bb0px\u00bb border_color_all=\u00bbRGBA(255,255,255,0)\u00bb icon_color__hover=\u00bb#000000&#8243; icon_color__hover_enabled=\u00bbon|desktop\u00bb global_colors_info=\u00bb{}\u00bb closed_toggle_text_color__hover_enabled=\u00bbon|hover\u00bb closed_toggle_text_color__hover=\u00bb#000000&#8243; open_toggle_text_color__hover_enabled=\u00bbon|desktop\u00bb title_text_color__hover=\u00bb#000000&#8243; title_text_color__hover_enabled=\u00bbon|desktop\u00bb]<\/p>\n<div class=\"et_pb_toggle_content clearfix\">\n<div class=\"et_pb_toggle_content clearfix\">\n<ul>\n<li><span class=\"TextRun SCXW23576250 BCX0\" lang=\"FR-FR\" xml:lang=\"FR-FR\" data-contrast=\"auto\"><span class=\"NormalTextRun SCXW23576250 BCX0\"><strong><\/strong>Tipo: Esta ubicaci\u00f3n est\u00e1 <span class=\"NormalTextRun ContextualSpellingAndGrammarErrorV2Themed SCXW23576250 BCX0\">reservada <\/span> <span class=\"NormalTextRun ContextualSpellingAndGrammarErrorV2Themed SCXW23576250 BCX0\">para<\/span> senderistas en el sendero GR10 y ciclistas en la carretera de paso de monta\u00f1a que no tienen veh\u00edculo.<span class=\"NormalTextRun SCXW23576250 BCX0\"><\/span><\/span><\/span><\/li>\n<li><span class=\"TextRun SCXW148519627 BCX0\" lang=\"FR-FR\" xml:lang=\"FR-FR\" data-contrast=\"auto\"><span class=\"NormalTextRun SCXW148519627 BCX0\"><strong>Situaci\u00f3n: La ubicaci\u00f3n est\u00e1 situada en una terraza, ofreciendo una vista privilegiada de la monta\u00f1a. Hay lugares sombreados disponibles alrededor del edificio de recepci\u00f3n para que los visitantes se refresquen.<\/strong><\/span><\/span><\/li>\n<li><strong>Suelo: La superficie es de c\u00e9sped.<span class=\"TextRun SCXW151278105 BCX0\" lang=\"FR-FR\" data-contrast=\"auto\"><span class=\"NormalTextRun SCXW151278105 BCX0\"><\/span><\/span><\/strong><\/li>\n<\/ul>\n<\/div>\n<\/div>\n<p>[\/et_pb_toggle][et_pb_toggle title=\u00bbSituaci\u00f3n y Vista\u00bb open_toggle_background_color=\u00bb#FFFFFF\u00bb closed_toggle_background_color=\u00bb#f9f9f9&#8243; icon_color=\u00bb#0c71c3&#8243; toggle_icon=\u00bb&#xf1e5;||fa||900&#8243; use_icon_font_size=\u00bbon\u00bb icon_font_size=\u00bb25px\u00bb open_icon_color=\u00bb#000000&#8243; open_toggle_icon=\u00bb&#xf1e5;||fa||900&#8243; open_use_icon_font_size=\u00bbon\u00bb open_icon_font_size=\u00bb17px\u00bb _builder_version=\u00bb4.25.1&#8243; _module_preset=\u00bbdefault\u00bb title_text_color=\u00bb#173740&#8243; title_level=\u00bbh3&#8243; border_width_all=\u00bb0px\u00bb border_color_all=\u00bbRGBA(255,255,255,0)\u00bb icon_color__hover=\u00bb#000000&#8243; icon_color__hover_enabled=\u00bbon|hover\u00bb global_colors_info=\u00bb{}\u00bb open_toggle_text_color__hover_enabled=\u00bbon|desktop\u00bb open_toggle_text_color__hover=\u00bb#000000&#8243; title_text_color__hover_enabled=\u00bbon|desktop\u00bb title_text_color__hover=\u00bb#000000&#8243;]<\/p>\n<div class=\"et_pb_toggle_content clearfix\">\n<ul>\n<li><strong>Vista a la Monta\u00f1a: Cada ubicaci\u00f3n ofrece una vista impresionante de las monta\u00f1as circundantes, asegurando un comienzo majestuoso para cada d\u00eda.<\/strong><\/li>\n<li><strong>Exposici\u00f3n: Las ubicaciones soleadas garantizan una estancia luminosa y agradable.<\/strong><\/li>\n<\/ul>\n<\/div>\n<p>[\/et_pb_toggle][et_pb_toggle title=\u00bbInformaci\u00f3n adicional\u00bb open_toggle_background_color=\u00bb#FFFFFF\u00bb closed_toggle_background_color=\u00bb#f9f9f9&#8243; icon_color=\u00bb#0c71c3&#8243; toggle_icon=\u00bb&#xf129;||fa||900&#8243; use_icon_font_size=\u00bbon\u00bb icon_font_size=\u00bb25px\u00bb open_icon_color=\u00bb#000000&#8243; open_toggle_icon=\u00bb&#xf129;||fa||900&#8243; open_use_icon_font_size=\u00bbon\u00bb open_icon_font_size=\u00bb17px\u00bb _builder_version=\u00bb4.26.0&#8243; _module_preset=\u00bbdefault\u00bb title_text_color=\u00bb#173740&#8243; title_level=\u00bbh3&#8243; border_width_all=\u00bb0px\u00bb border_color_all=\u00bbRGBA(255,255,255,0)\u00bb icon_color__hover=\u00bb#000000&#8243; icon_color__hover_enabled=\u00bbon|hover\u00bb global_colors_info=\u00bb{}\u00bb open_toggle_text_color__hover_enabled=\u00bbon|desktop\u00bb title_text_color__hover_enabled=\u00bbon|desktop\u00bb title_text_color__hover=\u00bb#000000&#8243;]<\/p>\n<div class=\"et_pb_toggle_content clearfix\">\n<ul>\n<li><strong>Mascotas: Solo aceptamos una mascota bajo ciertas condiciones. Estas incluyen el pago de una tarifa adicional, mantener la mascota con correa, presentar un registro de vacunaci\u00f3n v\u00e1lido y que la mascota pese menos de 10kg. Sin embargo, no permitimos perros de las categor\u00edas 1 y 2, ni gatos.<\/strong><\/li>\n<li><strong>Separaci\u00f3n selectiva de residuos: Proporcionamos instalaciones para fomentar la separaci\u00f3n selectiva de residuos y el respeto al medio ambiente.<\/strong><\/li>\n<li><strong>Reserva:<\/strong> Tenga en cuenta que este tipo de parcela no ofrece reserva online: Haga su reserva s\u00f3lo por tel\u00e9fono, por la ma\u00f1ana de su llegada.<\/li>\n<\/ul>\n<\/div>\n<p>[\/et_pb_toggle][\/et_pb_column][et_pb_column type=\u00bb1_3&#8243; _builder_version=\u00bb4.24.0&#8243; _module_preset=\u00bbdefault\u00bb custom_padding=\u00bb|||0px|false|false\u00bb global_colors_info=\u00bb{}\u00bb][et_pb_toggle title=\u00bbConexiones\u00bb open_toggle_background_color=\u00bb#FFFFFF\u00bb closed_toggle_background_color=\u00bb#f9f9f9&#8243; icon_color=\u00bb#0c71c3&#8243; toggle_icon=\u00bb&#xf1e6;||fa||900&#8243; use_icon_font_size=\u00bbon\u00bb icon_font_size=\u00bb25px\u00bb open_icon_color=\u00bb#000000&#8243; open_toggle_icon=\u00bb&#xf1e6;||fa||900&#8243; open_use_icon_font_size=\u00bbon\u00bb open_icon_font_size=\u00bb17px\u00bb _builder_version=\u00bb4.25.1&#8243; _module_preset=\u00bbdefault\u00bb title_text_color=\u00bb#173740&#8243; title_level=\u00bbh3&#8243; border_width_all=\u00bb0px\u00bb border_color_all=\u00bbRGBA(255,255,255,0)\u00bb icon_color__hover=\u00bb#000000&#8243; icon_color__hover_enabled=\u00bbon|hover\u00bb global_colors_info=\u00bb{}\u00bb closed_toggle_text_color__hover_enabled=\u00bbon|hover\u00bb closed_toggle_text_color__hover=\u00bb#000000&#8243; open_toggle_text_color__hover_enabled=\u00bbon|desktop\u00bb title_text_color__hover=\u00bb#000000&#8243; title_text_color__hover_enabled=\u00bbon|desktop\u00bb]<\/p>\n<p>No hay conexi\u00f3n disponible en esta ubicaci\u00f3n<\/p>\n<p>[\/et_pb_toggle][et_pb_toggle title=\u00bbInstalaciones Sanitarias\u00bb open_toggle_background_color=\u00bb#FFFFFF\u00bb closed_toggle_background_color=\u00bb#f9f9f9&#8243; icon_color=\u00bb#0c71c3&#8243; toggle_icon=\u00bb&#xf7bd;||fa||900&#8243; use_icon_font_size=\u00bbon\u00bb icon_font_size=\u00bb25px\u00bb open_icon_color=\u00bb#000000&#8243; open_toggle_icon=\u00bb&#xf7bd;||fa||900&#8243; open_use_icon_font_size=\u00bbon\u00bb open_icon_font_size=\u00bb17px\u00bb _builder_version=\u00bb4.25.1&#8243; _module_preset=\u00bbdefault\u00bb title_text_color=\u00bb#173740&#8243; title_level=\u00bbh3&#8243; border_width_all=\u00bb0px\u00bb border_color_all=\u00bbRGBA(255,255,255,0)\u00bb icon_color__hover=\u00bb#000000&#8243; icon_color__hover_enabled=\u00bbon|hover\u00bb global_colors_info=\u00bb{}\u00bb open_toggle_text_color__hover_enabled=\u00bbon|desktop\u00bb open_toggle_text_color__hover=\u00bb#000000&#8243; title_text_color__hover_enabled=\u00bbon|desktop\u00bb title_text_color__hover=\u00bb#000000&#8243;]<\/p>\n<ul>\n<li><strong>Acceso a duchas: La instalaci\u00f3n incluye acceso a duchas, con instalaciones sanitarias modificadas para personas con movilidad reducida para garantizar que todos puedan usarlas.<\/strong><\/li>\n<li><span class=\"TextRun SCXW62688023 BCX0\" lang=\"FR-FR\" xml:lang=\"FR-FR\" data-contrast=\"auto\"><span class=\"NormalTextRun SCXW62688023 BCX0\">Lavander\u00eda: Equipada con una lavadora y secadora. Lavabo para lavado de manos con agua caliente.<\/span><\/span><\/li>\n<\/ul>\n<p>[\/et_pb_toggle][et_pb_toggle title=\u00bbServicios\u00bb open_toggle_background_color=\u00bb#FFFFFF\u00bb closed_toggle_background_color=\u00bb#f9f9f9&#8243; icon_color=\u00bb#0c71c3&#8243; toggle_icon=\u00bb&#xf540;||fa||900&#8243; use_icon_font_size=\u00bbon\u00bb icon_font_size=\u00bb25px\u00bb open_icon_color=\u00bb#000000&#8243; open_toggle_icon=\u00bb&#xf540;||fa||900&#8243; open_use_icon_font_size=\u00bbon\u00bb open_icon_font_size=\u00bb17px\u00bb _builder_version=\u00bb4.25.1&#8243; _module_preset=\u00bbdefault\u00bb title_text_color=\u00bb#173740&#8243; title_level=\u00bbh3&#8243; border_width_all=\u00bb0px\u00bb border_color_all=\u00bbRGBA(255,255,255,0)\u00bb icon_color__hover=\u00bb#000000&#8243; icon_color__hover_enabled=\u00bbon|hover\u00bb global_colors_info=\u00bb{}\u00bb open_toggle_text_color__hover_enabled=\u00bbon|desktop\u00bb title_text_color__hover_enabled=\u00bbon|desktop\u00bb title_text_color__hover=\u00bb#000000&#8243;]<\/p>\n<div class=\"et_pb_toggle_content clearfix\">\n<ul>\n<li><strong>Wi-Fi: Por un cargo extra, se ofrece acceso a Wi-Fi en toda la propiedad para mantenerse conectado durante su estancia.<\/strong><\/li>\n<li><span class=\"NormalTextRun SCXW267909396 BCX0\"><strong>Acceso a la sala com\u00fan: Se incluye acceso a la sala de juegos de la biblioteca, una sala compartida equipada con microondas, hervidor de agua, y un peque\u00f1o refrigerador de 90L.<\/strong><\/span><\/li>\n<li><span class=\"TextRun SCXW267909396 BCX0\" lang=\"FR-FR\" xml:lang=\"FR-FR\" data-contrast=\"auto\"><span class=\"NormalTextRun SCXW267909396 BCX0\">Tiendas: Est\u00e1n disponibles a solo 5 minutos a pie.<\/span><\/span><\/li>\n<\/ul>\n<\/div>\n<p>[\/et_pb_toggle][\/et_pb_column][et_pb_column type=\u00bb1_3&#8243; _builder_version=\u00bb4.24.0&#8243; _module_preset=\u00bbdefault\u00bb custom_padding=\u00bb|||0px|false|false\u00bb global_colors_info=\u00bb{}\u00bb][et_pb_code disabled_on=\u00bbon|on|off\u00bb _builder_version=\u00bb4.27.0&#8243; _module_preset=\u00bbdefault\u00bb global_colors_info=\u00bb{}\u00bb][\/et_pb_code][et_pb_code disabled_on=\u00bboff|off|on\u00bb _builder_version=\u00bb4.27.0&#8243; _module_preset=\u00bbdefault\u00bb custom_padding=\u00bb|||5%|false|false\u00bb custom_padding_tablet=\u00bb|||5%|false|false\u00bb custom_padding_phone=\u00bb|||0%|false|false\u00bb custom_padding_last_edited=\u00bbon|desktop\u00bb global_colors_info=\u00bb{}\u00bb]<\/p>\n<h2><!-- [et_pb_line_break_holder] --> Promociones del momento<!-- [et_pb_line_break_holder] --><\/h2>\n<p><!-- [et_pb_line_break_holder] -->[\/et_pb_code][\/et_pb_column][\/et_pb_row][\/et_pb_section][et_pb_section fb_built=\u00bb1&#8243; disabled_on=\u00bboff|off|off\u00bb admin_label=\u00bbSection Cure\u00bb _builder_version=\u00bb4.24.3&#8243; _module_preset=\u00bbdefault\u00bb custom_margin=\u00bb2vh||0px||false|false\u00bb custom_padding=\u00bb0px||0px||true|false\u00bb collapsed=\u00bbon\u00bb global_colors_info=\u00bb{}\u00bb][et_pb_row column_structure=\u00bb2_3,1_3&#8243; admin_label=\u00bbtratamiento termal\u00bb _builder_version=\u00bb4.24.3&#8243; _module_preset=\u00bbdefault\u00bb width=\u00bb100%\u00bb max_width=\u00bb90%\u00bb custom_margin=\u00bb3vh||0px||false|false\u00bb custom_padding=\u00bb0px||0px||false|false\u00bb collapsed=\u00bboff\u00bb global_colors_info=\u00bb{}\u00bb][et_pb_column type=\u00bb2_3&#8243; _builder_version=\u00bb4.24.1&#8243; _module_preset=\u00bbdefault\u00bb global_colors_info=\u00bb{}\u00bb][et_pb_text admin_label=\u00bbh2 Cure\u00bb _builder_version=\u00bb4.27.4&#8243; _module_preset=\u00bbdefault\u00bb header_2_text_align=\u00bbjustify\u00bb header_2_text_color=\u00bb#000000&#8243; header_2_font_size=\u00bb2.5em\u00bb global_colors_info=\u00bb{}\u00bb]<\/p>\n<h2><strong>Su tratamiento termal en autocaravana en las Termas de Bar\u00e8ges<\/strong><\/h2>\n<p>[\/et_pb_text][et_pb_text admin_label=\u00bbdescription courte\u00bb _builder_version=\u00bb4.27.4&#8243; _module_preset=\u00bbdefault\u00bb text_font_size=\u00bb1.1em\u00bb text_orientation_tablet=\u00bb\u00bb text_orientation_phone=\u00bbjustified\u00bb text_orientation_last_edited=\u00bbon|phone\u00bb global_colors_info=\u00bb{}\u00bb]<\/p>\n<p>Disfrute de una estancia termal serena y econ\u00f3mica en el Camping La Rib\u00e8re, su alojamiento ideal en Bar\u00e8ges para:<\/p>\n<ul>\n<li>Una ubicaci\u00f3n privilegiada a 5 minutos de las termas de Bar\u00e8ges<\/li>\n<li>Descuentos atractivos de hasta 15% en estancias para tratamientos termales (m\u00ednimo 18 noches)<\/li>\n<\/ul>\n<h3>En nuestro camping familiar, le ofrecemos:<\/h3>\n<ul>\n<li>Instalaciones modernas e impecables: \u00e1rea de servicio para autocaravanas, lavander\u00eda equipada<\/li>\n<li>Espacios comunes acogedores: sala con biblioteca y sala de juegos.<\/li>\n<li>Un entorno natural excepcional con vistas panor\u00e1micas de las monta\u00f1as<\/li>\n<\/ul>\n<h3>Los servicios dedicados a los pacientes termales:<\/h3>\n<ul>\n<li>Ambiente familiar en un camping acogedor<\/li>\n<li>Servicio de transporte termal bajo petici\u00f3n<\/li>\n<li>Tiendas y servicios a 10 minutos a pie<\/li>\n<li>Ambiente tranquilo y relajante<\/li>\n<\/ul>\n<p>\u00a1Reserve ahora su estancia termal y disfrute de un entorno relajante en el coraz\u00f3n de los Pirineos!<\/p>\n<p>Nota: Algunas parcelas est\u00e1n situadas cerca de la carretera departamental, aunque garantizan una atm\u00f3sfera tranquila desde el inicio de la noche.<\/p>\n<p><!-- notionvc: cb5eaa5e-25be-42e3-9da3-a4dbb25ef25d --><\/p>\n<p>[\/et_pb_text][\/et_pb_column][et_pb_column type=\u00bb1_3&#8243; _builder_version=\u00bb4.24.1&#8243; _module_preset=\u00bbdefault\u00bb global_colors_info=\u00bb{}\u00bb][et_pb_code _builder_version=\u00bb4.25.1&#8243; _module_preset=\u00bbdefault\u00bb global_colors_info=\u00bb{}\u00bb]<ctv-availability data-product-id=\"107204\" data-background-color=\"#FFFFFFFF\"><\/ctv-availability>[\/et_pb_code][\/et_pb_column][\/et_pb_row][\/et_pb_section][et_pb_section fb_built=\u00bb1&#8243; admin_label=\u00bbSection Cure\u00bb _builder_version=\u00bb4.24.3&#8243; _module_preset=\u00bbdefault\u00bb custom_padding=\u00bb3px||5vh||false|false\u00bb collapsed=\u00bboff\u00bb global_colors_info=\u00bb{}\u00bb][et_pb_row column_structure=\u00bb2_3,1_3&#8243; use_custom_gutter=\u00bbon\u00bb gutter_width=\u00bb2&#8243; admin_label=\u00bbtratamiento termal\u00bb _builder_version=\u00bb4.24.3&#8243; _module_preset=\u00bbdefault\u00bb width=\u00bb90%\u00bb max_width=\u00bb90%\u00bb custom_margin=\u00bb||0px||false|false\u00bb custom_padding=\u00bb||0px||false|false\u00bb global_colors_info=\u00bb{}\u00bb][et_pb_column type=\u00bb2_3&#8243; _builder_version=\u00bb4.24.0&#8243; _module_preset=\u00bbdefault\u00bb custom_padding=\u00bb|0px|||false|false\u00bb global_colors_info=\u00bb{}\u00bb][et_pb_slider disabled_on=\u00bboff|off|off\u00bb _builder_version=\u00bb4.27.4&#8243; _module_preset=\u00bbdefault\u00bb min_height=\u00bb540px\u00bb global_colors_info=\u00bb{}\u00bb][et_pb_slide _builder_version=\u00bb4.27.4&#8243; _module_preset=\u00bbdefault\u00bb background_enable_color=\u00bboff\u00bb background_image=\u00bbhttps:\/\/www.laribere.fr\/wp-content\/uploads\/2024\/05\/kzk5IMs9.webp\u00bb background_enable_image=\u00bbon\u00bb global_colors_info=\u00bb{}\u00bb sticky_transition=\u00bbon\u00bb][\/et_pb_slide][et_pb_slide _builder_version=\u00bb4.25.1&#8243; _module_preset=\u00bbdefault\u00bb background_enable_color=\u00bboff\u00bb background_image=\u00bbhttps:\/\/www.laribere.fr\/wp-content\/uploads\/2024\/03\/IMG_20210610_103218-en-16-9.webp\u00bb background_enable_image=\u00bbon\u00bb global_colors_info=\u00bb{}\u00bb sticky_transition=\u00bbon\u00bb][\/et_pb_slide][et_pb_slide _builder_version=\u00bb4.25.1&#8243; _module_preset=\u00bbdefault\u00bb background_enable_color=\u00bboff\u00bb background_image=\u00bbhttps:\/\/www.laribere.fr\/wp-content\/uploads\/2024\/03\/camping-emplacement1-copie.webp\u00bb background_enable_image=\u00bbon\u00bb global_colors_info=\u00bb{}\u00bb sticky_transition=\u00bbon\u00bb][\/et_pb_slide][\/et_pb_slider][\/et_pb_column][et_pb_column type=\u00bb1_3&#8243; _builder_version=\u00bb4.24.0&#8243; _module_preset=\u00bbdefault\u00bb custom_padding=\u00bb|||0px|false|false\u00bb global_colors_info=\u00bb{}\u00bb][et_pb_image src=\u00bbhttps:\/\/www.laribere.fr\/wp-content\/uploads\/2024\/05\/activite-randonnee-laribere3.webp\u00bb title_text=\u00bbactivit\u00e9 randonn\u00e9e laribere3&#8243; force_fullwidth=\u00bbon\u00bb admin_label=\u00bbImage Lat\u00e9rale 1&#8243; _builder_version=\u00bb4.25.1&#8243; _module_preset=\u00bbdefault\u00bb min_height=\u00bb255px\u00bb max_height=\u00bb255px\u00bb custom_margin=\u00bb||30px||false|false\u00bb global_colors_info=\u00bb{}\u00bb][\/et_pb_image][et_pb_image src=\u00bbhttps:\/\/www.laribere.fr\/wp-content\/uploads\/2024\/03\/IMG_20200727_203002-EDIT.webp\u00bb alt=\u00bbvue du camping de la rib\u00e8re \u00e0 Bar\u00e8ge\u00bb title_text=\u00bbIMG_20200727_203002-EDIT\u00bb force_fullwidth=\u00bbon\u00bb admin_label=\u00bbImage Lat\u00e9rale 2&#8243; _builder_version=\u00bb4.25.1&#8243; _module_preset=\u00bbdefault\u00bb min_height=\u00bb255px\u00bb max_height=\u00bb255px\u00bb global_colors_info=\u00bb{}\u00bb][\/et_pb_image][\/et_pb_column][\/et_pb_row][et_pb_row column_structure=\u00bb2_3,1_3&#8243; use_custom_gutter=\u00bbon\u00bb gutter_width=\u00bb2&#8243; admin_label=\u00bbtratamiento termal\u00bb _builder_version=\u00bb4.24.3&#8243; _module_preset=\u00bbdefault\u00bb width=\u00bb90%\u00bb max_width=\u00bb90%\u00bb custom_margin=\u00bb||0px||false|false\u00bb custom_padding=\u00bb||0px||false|false\u00bb global_colors_info=\u00bb{}\u00bb][et_pb_column type=\u00bb2_3&#8243; _builder_version=\u00bb4.24.2&#8243; _module_preset=\u00bbdefault\u00bb global_colors_info=\u00bb{}\u00bb][et_pb_text admin_label=\u00bbTitre : Descriptif\u00bb _builder_version=\u00bb4.27.4&#8243; _module_preset=\u00bbdefault\u00bb hover_enabled=\u00bb0&#8243; global_colors_info=\u00bb{}\u00bb sticky_enabled=\u00bb0&#8243;]<\/p>\n<h2>Descripci\u00f3n<\/h2>\n<p>[\/et_pb_text][\/et_pb_column][et_pb_column type=\u00bb1_3&#8243; _builder_version=\u00bb4.24.2&#8243; _module_preset=\u00bbdefault\u00bb global_colors_info=\u00bb{}\u00bb][\/et_pb_column][\/et_pb_row][et_pb_row column_structure=\u00bb1_3,1_3,1_3&#8243; use_custom_gutter=\u00bbon\u00bb gutter_width=\u00bb2&#8243; make_equal=\u00bbon\u00bb admin_label=\u00bbtratamiento termal\u00bb _builder_version=\u00bb4.24.3&#8243; _module_preset=\u00bbdefault\u00bb width=\u00bb90%\u00bb max_width=\u00bb90%\u00bb global_colors_info=\u00bb{}\u00bb][et_pb_column type=\u00bb1_3&#8243; _builder_version=\u00bb4.24.0&#8243; _module_preset=\u00bbdefault\u00bb custom_padding=\u00bb|0px|||false|false\u00bb global_colors_info=\u00bb{}\u00bb][et_pb_toggle title=\u00bbGeneral\u00bb open_toggle_background_color=\u00bb#FFFFFF\u00bb closed_toggle_background_color=\u00bb#f9f9f9&#8243; icon_color=\u00bb#0c71c3&#8243; toggle_icon=\u00bb&#xe038;||divi||400&#8243; use_icon_font_size=\u00bbon\u00bb icon_font_size=\u00bb25px\u00bb open_icon_color=\u00bb#000000&#8243; open_toggle_icon=\u00bb&#xe038;||divi||400&#8243; open_use_icon_font_size=\u00bbon\u00bb open_icon_font_size=\u00bb17px\u00bb _builder_version=\u00bb4.25.1&#8243; _module_preset=\u00bbdefault\u00bb title_text_color=\u00bb#173740&#8243; title_level=\u00bbh3&#8243; border_width_all=\u00bb0px\u00bb border_color_all=\u00bbRGBA(255,255,255,0)\u00bb icon_color__hover=\u00bb#000000&#8243; icon_color__hover_enabled=\u00bbon|desktop\u00bb global_colors_info=\u00bb{}\u00bb closed_toggle_text_color__hover_enabled=\u00bbon|hover\u00bb closed_toggle_text_color__hover=\u00bb#000000&#8243; open_toggle_text_color__hover_enabled=\u00bbon|desktop\u00bb title_text_color__hover=\u00bb#000000&#8243; title_text_color__hover_enabled=\u00bbon|desktop\u00bb]<\/p>\n<div class=\"et_pb_toggle_content clearfix\">\n<ul>\n<li><strong>Tipo de parcela: Esta \u00e1rea est\u00e1 destinada para tiendas de campa\u00f1a, caravanas y autocaravanas con una longitud m\u00e1xima de 7 metros. Puede alojar de 2 a 6 personas.<\/strong><\/li>\n<li><strong>Situaci\u00f3n: Estos sitios est\u00e1n ubicados en una terraza, ofreciendo una vista privilegiada de la monta\u00f1a. Proporcionan un entorno perfecto para los amantes de la naturaleza.<\/strong><\/li>\n<li><strong>Terreno: Las ubicaciones tienen una superficie de c\u00e9sped, que es ideal para montar tiendas de campa\u00f1a o estacionar caravanas\/autocaravanas.<\/strong><\/li>\n<\/ul>\n<\/div>\n<p>[\/et_pb_toggle][et_pb_toggle title=\u00bbSituaci\u00f3n y Vista\u00bb open_toggle_background_color=\u00bb#FFFFFF\u00bb closed_toggle_background_color=\u00bb#f9f9f9&#8243; icon_color=\u00bb#0c71c3&#8243; toggle_icon=\u00bb&#xf1e5;||fa||900&#8243; use_icon_font_size=\u00bbon\u00bb icon_font_size=\u00bb25px\u00bb open_icon_color=\u00bb#000000&#8243; open_toggle_icon=\u00bb&#xf1e5;||fa||900&#8243; open_use_icon_font_size=\u00bbon\u00bb open_icon_font_size=\u00bb17px\u00bb _builder_version=\u00bb4.25.1&#8243; _module_preset=\u00bbdefault\u00bb title_text_color=\u00bb#173740&#8243; title_level=\u00bbh3&#8243; border_width_all=\u00bb0px\u00bb border_color_all=\u00bbRGBA(255,255,255,0)\u00bb icon_color__hover=\u00bb#000000&#8243; icon_color__hover_enabled=\u00bbon|hover\u00bb global_colors_info=\u00bb{}\u00bb open_toggle_text_color__hover_enabled=\u00bbon|desktop\u00bb open_toggle_text_color__hover=\u00bb#000000&#8243; title_text_color__hover_enabled=\u00bbon|desktop\u00bb title_text_color__hover=\u00bb#000000&#8243;]<\/p>\n<div class=\"et_pb_toggle_content clearfix\">\n<ul>\n<li><strong>Vista a la Monta\u00f1a: Cada ubicaci\u00f3n ofrece una vista impresionante de las monta\u00f1as circundantes, asegurando un comienzo majestuoso para cada d\u00eda.<\/strong><\/li>\n<li><strong>Exposici\u00f3n: Las ubicaciones soleadas garantizan una estancia luminosa y agradable.<\/strong><\/li>\n<\/ul>\n<\/div>\n<p>[\/et_pb_toggle][et_pb_toggle title=\u00bbInformaci\u00f3n adicional\u00bb open_toggle_background_color=\u00bb#FFFFFF\u00bb closed_toggle_background_color=\u00bb#f9f9f9&#8243; icon_color=\u00bb#0c71c3&#8243; toggle_icon=\u00bb&#xf129;||fa||900&#8243; use_icon_font_size=\u00bbon\u00bb icon_font_size=\u00bb25px\u00bb open_icon_color=\u00bb#000000&#8243; open_toggle_icon=\u00bb&#xf129;||fa||900&#8243; open_use_icon_font_size=\u00bbon\u00bb open_icon_font_size=\u00bb17px\u00bb _builder_version=\u00bb4.26.0&#8243; _module_preset=\u00bbdefault\u00bb title_text_color=\u00bb#173740&#8243; title_level=\u00bbh3&#8243; border_width_all=\u00bb0px\u00bb border_color_all=\u00bbRGBA(255,255,255,0)\u00bb icon_color__hover=\u00bb#000000&#8243; icon_color__hover_enabled=\u00bbon|hover\u00bb global_colors_info=\u00bb{}\u00bb open_toggle_text_color__hover_enabled=\u00bbon|desktop\u00bb title_text_color__hover_enabled=\u00bbon|desktop\u00bb title_text_color__hover=\u00bb#000000&#8243;]<\/p>\n<div class=\"et_pb_toggle_content clearfix\">\n<ul>\n<li><strong>Mascotas: Solo aceptamos una mascota bajo ciertas condiciones. Estas incluyen el pago de una tarifa adicional, mantener la mascota con correa, presentar un registro de vacunaci\u00f3n v\u00e1lido y que la mascota pese menos de 10kg. Sin embargo, no permitimos perros de las categor\u00edas 1 y 2, ni gatos.<\/strong><\/li>\n<li><strong>Separaci\u00f3n selectiva de residuos: Proporcionamos instalaciones para fomentar la separaci\u00f3n selectiva de residuos y el respeto al medio ambiente.<\/strong><\/li>\n<li><strong>Reservas:<\/strong> Para reservar en l\u00ednea, se requiere una estancia m\u00ednima de 18 noches.<\/li>\n<\/ul>\n<\/div>\n<p>[\/et_pb_toggle][\/et_pb_column][et_pb_column type=\u00bb1_3&#8243; _builder_version=\u00bb4.24.0&#8243; _module_preset=\u00bbdefault\u00bb custom_padding=\u00bb|||0px|false|false\u00bb global_colors_info=\u00bb{}\u00bb][et_pb_toggle title=\u00bbConexiones\u00bb open_toggle_background_color=\u00bb#FFFFFF\u00bb closed_toggle_background_color=\u00bb#f9f9f9&#8243; icon_color=\u00bb#0c71c3&#8243; toggle_icon=\u00bb&#xf1e6;||fa||900&#8243; use_icon_font_size=\u00bbon\u00bb icon_font_size=\u00bb25px\u00bb open_icon_color=\u00bb#000000&#8243; open_toggle_icon=\u00bb&#xf1e6;||fa||900&#8243; open_use_icon_font_size=\u00bbon\u00bb open_icon_font_size=\u00bb17px\u00bb _builder_version=\u00bb4.25.1&#8243; _module_preset=\u00bbdefault\u00bb title_text_color=\u00bb#173740&#8243; title_level=\u00bbh3&#8243; border_width_all=\u00bb0px\u00bb border_color_all=\u00bbRGBA(255,255,255,0)\u00bb icon_color__hover=\u00bb#000000&#8243; icon_color__hover_enabled=\u00bbon|hover\u00bb global_colors_info=\u00bb{}\u00bb closed_toggle_text_color__hover_enabled=\u00bbon|hover\u00bb closed_toggle_text_color__hover=\u00bb#000000&#8243; open_toggle_text_color__hover_enabled=\u00bbon|desktop\u00bb title_text_color__hover=\u00bb#000000&#8243; title_text_color__hover_enabled=\u00bbon|desktop\u00bb]<\/p>\n<div class=\"et_pb_toggle_content clearfix\">\n<ul>\n<li><strong>Electricidad: Las conexiones el\u00e9ctricas est\u00e1n disponibles con enchufes europeos (4, 6 y 10 Amperios) por un cargo adicional.<\/strong><\/li>\n<li><strong>Punto de agua: El acceso a un punto de agua cercano est\u00e1 disponible para facilitar su suministro.<\/strong><\/li>\n<\/ul>\n<\/div>\n<p>[\/et_pb_toggle][et_pb_toggle title=\u00bbInstalaciones Sanitarias\u00bb open_toggle_background_color=\u00bb#FFFFFF\u00bb closed_toggle_background_color=\u00bb#f9f9f9&#8243; icon_color=\u00bb#0c71c3&#8243; toggle_icon=\u00bb&#xf7bd;||fa||900&#8243; use_icon_font_size=\u00bbon\u00bb icon_font_size=\u00bb25px\u00bb open_icon_color=\u00bb#000000&#8243; open_toggle_icon=\u00bb&#xf7bd;||fa||900&#8243; open_use_icon_font_size=\u00bbon\u00bb open_icon_font_size=\u00bb17px\u00bb _builder_version=\u00bb4.25.1&#8243; _module_preset=\u00bbdefault\u00bb title_text_color=\u00bb#173740&#8243; title_level=\u00bbh3&#8243; border_width_all=\u00bb0px\u00bb border_color_all=\u00bbRGBA(255,255,255,0)\u00bb icon_color__hover=\u00bb#000000&#8243; icon_color__hover_enabled=\u00bbon|hover\u00bb global_colors_info=\u00bb{}\u00bb open_toggle_text_color__hover_enabled=\u00bbon|desktop\u00bb open_toggle_text_color__hover=\u00bb#000000&#8243; title_text_color__hover_enabled=\u00bbon|desktop\u00bb title_text_color__hover=\u00bb#000000&#8243;]<\/p>\n<ul>\n<li><strong>Acceso a duchas: La instalaci\u00f3n incluye acceso a duchas, con instalaciones sanitarias modificadas para personas con movilidad reducida para garantizar que todos puedan usarlas.<\/strong><\/li>\n<li><span class=\"TextRun SCXW156832574 BCX0\" lang=\"FR-FR\" xml:lang=\"FR-FR\" data-contrast=\"auto\"><span class=\"NormalTextRun SCXW156832574 BCX0\">Lavander\u00eda: Equipada con una lavadora y secadora.<\/span><\/span><\/li>\n<\/ul>\n<p>[\/et_pb_toggle][et_pb_toggle title=\u00bbServicios\u00bb open_toggle_background_color=\u00bb#FFFFFF\u00bb closed_toggle_background_color=\u00bb#f9f9f9&#8243; icon_color=\u00bb#0c71c3&#8243; toggle_icon=\u00bb&#xf540;||fa||900&#8243; use_icon_font_size=\u00bbon\u00bb icon_font_size=\u00bb25px\u00bb open_icon_color=\u00bb#000000&#8243; open_toggle_icon=\u00bb&#xf540;||fa||900&#8243; open_use_icon_font_size=\u00bbon\u00bb open_icon_font_size=\u00bb17px\u00bb _builder_version=\u00bb4.25.1&#8243; _module_preset=\u00bbdefault\u00bb title_text_color=\u00bb#173740&#8243; title_level=\u00bbh3&#8243; border_width_all=\u00bb0px\u00bb border_color_all=\u00bbRGBA(255,255,255,0)\u00bb icon_color__hover=\u00bb#000000&#8243; icon_color__hover_enabled=\u00bbon|hover\u00bb global_colors_info=\u00bb{}\u00bb open_toggle_text_color__hover_enabled=\u00bbon|desktop\u00bb title_text_color__hover_enabled=\u00bbon|desktop\u00bb title_text_color__hover=\u00bb#000000&#8243;]<\/p>\n<div class=\"et_pb_toggle_content clearfix\">\n<ul>\n<li><strong>Wi-Fi: Por un cargo extra, se ofrece acceso a Wi-Fi en toda la propiedad para mantenerse conectado durante su estancia.<\/strong><\/li>\n<li><span class=\"NormalTextRun SCXW54214010 BCX0\"><strong>Acceso a la sala com\u00fan: Tienes acceso a la sala de juegos de la biblioteca.<\/strong><\/span><\/li>\n<li><span class=\"TextRun SCXW54214010 BCX0\" lang=\"FR-FR\" xml:lang=\"FR-FR\" data-contrast=\"auto\"><span class=\"NormalTextRun SCXW54214010 BCX0\">\u00c1rea de servicio para campistas: Esto est\u00e1 reservado para nuestros campistas.<\/span><\/span><\/li>\n<li><span class=\"TextRun SCXW183423444 BCX0\" lang=\"FR-FR\" xml:lang=\"FR-FR\" data-contrast=\"auto\"><span class=\"NormalTextRun SCXW183423444 BCX0\">Tiendas: Est\u00e1n disponibles a solo 5 minutos a pie.<\/span><\/span><\/li>\n<\/ul>\n<\/div>\n<p>[\/et_pb_toggle][\/et_pb_column][et_pb_column type=\u00bb1_3&#8243; _builder_version=\u00bb4.24.0&#8243; _module_preset=\u00bbdefault\u00bb custom_padding=\u00bb|||0px|false|false\u00bb global_colors_info=\u00bb{}\u00bb][et_pb_code disabled_on=\u00bbon|on|off\u00bb _builder_version=\u00bb4.27.0&#8243; _module_preset=\u00bbdefault\u00bb global_colors_info=\u00bb{}\u00bb]<ctv-offers data-product-id=\"107204\" data-display-mode=\"classic\"><\/ctv-offers>[\/et_pb_code][et_pb_code disabled_on=\u00bboff|off|on\u00bb _builder_version=\u00bb4.27.0&#8243; _module_preset=\u00bbdefault\u00bb custom_padding=\u00bb|||5%|false|false\u00bb custom_padding_tablet=\u00bb|||5%|false|false\u00bb custom_padding_phone=\u00bb|||0%|false|false\u00bb custom_padding_last_edited=\u00bbon|desktop\u00bb global_colors_info=\u00bb{}\u00bb]<\/p>\n<h2><!-- [et_pb_line_break_holder] --> Promociones del momento<!-- [et_pb_line_break_holder] --><\/h2>\n<p><!-- [et_pb_line_break_holder] --><ctv-offers data-product-id=\"107204\" data-display-mode=\"classic\"><\/ctv-offers>[\/et_pb_code][\/et_pb_column][\/et_pb_row][et_pb_row column_structure=\u00bb2_3,1_3&#8243; admin_label=\u00bbtratamiento termal\u00bb _builder_version=\u00bb4.24.3&#8243; _module_preset=\u00bbdefault\u00bb width=\u00bb100%\u00bb max_width=\u00bb90%\u00bb locked=\u00bboff\u00bb global_colors_info=\u00bb{}\u00bb][et_pb_column type=\u00bb2_3&#8243; _builder_version=\u00bb4.24.3&#8243; _module_preset=\u00bbdefault\u00bb global_colors_info=\u00bb{}\u00bb][et_pb_toggle title=\u00bbRese\u00f1as de Clientes\u00bb open_toggle_text_color=\u00bb#FFFFFF\u00bb open_toggle_background_color=\u00bb#393b3f\u00bb closed_toggle_text_color=\u00bb#FFFFFF\u00bb closed_toggle_background_color=\u00bb#393b3f\u00bb icon_color=\u00bb#FFFFFF\u00bb toggle_icon=\u00bb&#x50;||divi||400&#8243; use_icon_font_size=\u00bbon\u00bb icon_font_size=\u00bb32px\u00bb open_icon_color=\u00bb#FFFFFF\u00bb open_toggle_icon=\u00bb&#x4f;||divi||400&#8243; open_use_icon_font_size=\u00bbon\u00bb open_icon_font_size=\u00bb32px\u00bb _builder_version=\u00bb4.25.0&#8243; _module_preset=\u00bbdefault\u00bb title_text_color=\u00bb#FFFFFF\u00bb title_text_align=\u00bbjustify\u00bb title_font_size=\u00bb2em\u00bb title_line_height=\u00bb1.5em\u00bb closed_title_text_align=\u00bbjustify\u00bb closed_title_font_size=\u00bb2em\u00bb closed_title_line_height=\u00bb2em\u00bb body_text_align=\u00bbjustify\u00bb body_text_color=\u00bb#FFFFFF\u00bb body_font_size=\u00bb1em\u00bb text_orientation=\u00bbjustified\u00bb global_colors_info=\u00bb{}\u00bb]<ctv-reviews-list data-product-id=\"107204\"><\/ctv-reviews-list>[\/et_pb_toggle][\/et_pb_column][et_pb_column type=\u00bb1_3&#8243; _builder_version=\u00bb4.24.3&#8243; _module_preset=\u00bbdefault\u00bb global_colors_info=\u00bb{}\u00bb][\/et_pb_column][\/et_pb_row][\/et_pb_section][et_pb_section fb_built=\u00bb1&#8243; admin_label=\u00bbvous aimerez aussi\u00bb _builder_version=\u00bb4.25.1&#8243; _module_preset=\u00bbdefault\u00bb background_color=\u00bbrgba(252,210,0,0.13)\u00bb collapsed=\u00bbon\u00bb global_colors_info=\u00bb{}\u00bb][et_pb_row _builder_version=\u00bb4.24.2&#8243; _module_preset=\u00bbdefault\u00bb global_colors_info=\u00bb{}\u00bb][et_pb_column type=\u00bb4_4&#8243; _builder_version=\u00bb4.24.2&#8243; _module_preset=\u00bbdefault\u00bb global_colors_info=\u00bb{}\u00bb][et_pb_text _builder_version=\u00bb4.25.1&#8243; _module_preset=\u00bbdefault\u00bb header_2_font_size=\u00bb2.5em\u00bb global_colors_info=\u00bb{}\u00bb]<\/p>\n<h2>Tambi\u00e9n te podr\u00eda gustar<\/h2>\n<p>[\/et_pb_text][et_pb_blog posts_number=\u00bb1&#8243; include_categories=\u00bb32&#8243; show_more=\u00bbon\u00bb show_author=\u00bboff\u00bb show_date=\u00bboff\u00bb show_categories=\u00bboff\u00bb show_pagination=\u00bboff\u00bb module_class=\u00bbleft-blog-image\u00bb _builder_version=\u00bb4.27.4&#8243; _module_preset=\u00bbdefault\u00bb global_colors_info=\u00bb{}\u00bb][\/et_pb_blog][et_pb_code _builder_version=\u00bb4.24.2&#8243; _module_preset=\u00bbdefault\u00bb global_colors_info=\u00bb{}\u00bb]<\/p>\n<style><!-- [et_pb_line_break_holder] -->@media (min-width: 981px) {<!-- [et_pb_line_break_holder] -->\t.left-blog-image .et_pb_post .entry-featured-image-url {<!-- [et_pb_line_break_holder] -->    float: right;<!-- [et_pb_line_break_holder] -->    width: 100%;<!-- [et_pb_line_break_holder] -->    max-width: 350px;<!-- [et_pb_line_break_holder] -->    margin: -3% 0px 0px 30px;<!-- [et_pb_line_break_holder] -->}<!-- [et_pb_line_break_holder] -->  .left-blog-image .et_pb_post {<!-- [et_pb_line_break_holder] -->    margin-bottom: 0px !important;<!-- [et_pb_line_break_holder] -->  }<!-- [et_pb_line_break_holder] -->}<!-- [et_pb_line_break_holder] --><\/style>\n<p>[\/et_pb_code][\/et_pb_column][\/et_pb_row][\/et_pb_section][et_pb_section fb_built=\u00bb1&#8243; specialty=\u00bbon\u00bb padding_top_1=\u00bb0px\u00bb padding_top_2=\u00bb0px\u00bb padding_right_1=\u00bb0px\u00bb padding_right_2=\u00bb0px\u00bb padding_bottom_1=\u00bb0px\u00bb padding_bottom_2=\u00bb0px\u00bb padding_left_1=\u00bb0px\u00bb padding_left_2=\u00bb0px\u00bb padding_top_bottom_link_1=\u00bbfalse\u00bb padding_top_bottom_link_2=\u00bbfalse\u00bb padding_left_right_link_1=\u00bbfalse\u00bb padding_left_right_link_2=\u00bbfalse\u00bb admin_label=\u00bbetapes r\u00e9servation5&#8243; _builder_version=\u00bb4.25.1&#8243; _module_preset=\u00bbdefault\u00bb custom_margin=\u00bb2vh||||false|false\u00bb custom_padding=\u00bb0px|0px|0px|0px|false|false\u00bb locked=\u00bboff\u00bb collapsed=\u00bboff\u00bb global_colors_info=\u00bb{}\u00bb][et_pb_column type=\u00bb1_2&#8243; _builder_version=\u00bb4.16&#8243; custom_padding=\u00bb|||\u00bb global_colors_info=\u00bb{}\u00bb custom_padding__hover=\u00bb|||\u00bb][et_pb_image src=\u00bbhttps:\/\/www.laribere.fr\/wp-content\/uploads\/2025\/05\/marmot-7396291_1280.jpg\u00bb title_text=\u00bbmarmot-7396291_1280&#8243; force_fullwidth=\u00bbon\u00bb _builder_version=\u00bb4.27.4&#8243; _module_preset=\u00bbdefault\u00bb min_height=\u00bb400px\u00bb global_colors_info=\u00bb{}\u00bb][\/et_pb_image][\/et_pb_column][et_pb_column type=\u00bb1_2&#8243; specialty_columns=\u00bb2&#8243; _builder_version=\u00bb4.16&#8243; custom_padding=\u00bb|||\u00bb global_colors_info=\u00bb{}\u00bb custom_padding__hover=\u00bb|||\u00bb][et_pb_row_inner _builder_version=\u00bb4.24.1&#8243; _module_preset=\u00bbdefault\u00bb global_colors_info=\u00bb{}\u00bb][et_pb_column_inner saved_specialty_column_type=\u00bb1_2&#8243; _builder_version=\u00bb4.24.1&#8243; _module_preset=\u00bbdefault\u00bb global_colors_info=\u00bb{}\u00bb][et_pb_text _builder_version=\u00bb4.24.2&#8243; _module_preset=\u00bbdefault\u00bb header_2_text_align=\u00bbcenter\u00bb header_2_text_color=\u00bb#000000&#8243; header_2_font_size=\u00bb2.5em\u00bb global_colors_info=\u00bb{}\u00bb]<\/p>\n<h2>Pasos para la Reservaci\u00f3n<\/h2>\n<p>[\/et_pb_text][\/et_pb_column_inner][\/et_pb_row_inner][et_pb_row_inner _builder_version=\u00bb4.24.1&#8243; _module_preset=\u00bbdefault\u00bb global_colors_info=\u00bb{}\u00bb][et_pb_column_inner saved_specialty_column_type=\u00bb1_2&#8243; _builder_version=\u00bb4.24.1&#8243; _module_preset=\u00bbdefault\u00bb global_colors_info=\u00bb{}\u00bb][et_pb_blurb use_icon=\u00bbon\u00bb font_icon=\u00bb&#xf073;||fa||900&#8243; icon_color=\u00bb#000000&#8243; icon_placement=\u00bbleft\u00bb image_icon_width=\u00bb55px\u00bb _builder_version=\u00bb4.26.0&#8243; _module_preset=\u00bbdefault\u00bb body_font_size=\u00bb15px\u00bb body_line_height=\u00bb1.8em\u00bb image_icon_custom_margin=\u00bb-15px||||false|false\u00bb custom_margin_tablet=\u00bb\u00bb custom_margin_phone=\u00bb|||7px|false|false\u00bb custom_margin_last_edited=\u00bbon|phone\u00bb global_colors_info=\u00bb{}\u00bb]<\/p>\n<p>Selecciona tus fechas y haz clic en \u00ab<a href=\"https:\/\/reservation.secureholiday.net\/es\/859\/\" target=\"_blank\" rel=\"noopener\" title=\"Reservar\">ver m\u00e1s<\/a>\u00bb<\/p>\n<p>[\/et_pb_blurb][\/et_pb_column_inner][\/et_pb_row_inner][et_pb_row_inner _builder_version=\u00bb4.24.1&#8243; _module_preset=\u00bbdefault\u00bb global_colors_info=\u00bb{}\u00bb][et_pb_column_inner saved_specialty_column_type=\u00bb1_2&#8243; _builder_version=\u00bb4.24.1&#8243; _module_preset=\u00bbdefault\u00bb global_colors_info=\u00bb{}\u00bb][et_pb_blurb use_icon=\u00bbon\u00bb font_icon=\u00bb&#x69;||divi||400&#8243; icon_color=\u00bb#000000&#8243; icon_placement=\u00bbleft\u00bb image_icon_width=\u00bb55px\u00bb _builder_version=\u00bb4.26.0&#8243; _module_preset=\u00bbdefault\u00bb body_font_size=\u00bb15px\u00bb body_line_height=\u00bb1.8em\u00bb image_icon_custom_margin=\u00bb-15px||||false|false\u00bb custom_margin_tablet=\u00bb\u00bb custom_margin_phone=\u00bb|||7px|false|false\u00bb custom_margin_last_edited=\u00bbon|phone\u00bb global_colors_info=\u00bb{}\u00bb]<\/p>\n<p>Ser\u00e1s redirigido a nuestra plataforma de reservas<\/p>\n<p>[\/et_pb_blurb][\/et_pb_column_inner][\/et_pb_row_inner][et_pb_row_inner _builder_version=\u00bb4.24.1&#8243; _module_preset=\u00bbdefault\u00bb global_colors_info=\u00bb{}\u00bb][et_pb_column_inner saved_specialty_column_type=\u00bb1_2&#8243; _builder_version=\u00bb4.24.1&#8243; _module_preset=\u00bbdefault\u00bb global_colors_info=\u00bb{}\u00bb][et_pb_blurb use_icon=\u00bbon\u00bb font_icon=\u00bb&#xe001;||divi||400&#8243; icon_color=\u00bb#000000&#8243; icon_placement=\u00bbleft\u00bb image_icon_width=\u00bb55px\u00bb _builder_version=\u00bb4.27.4&#8243; _module_preset=\u00bbdefault\u00bb body_font_size=\u00bb15px\u00bb body_line_height=\u00bb1.8em\u00bb image_icon_custom_margin=\u00bb-15px||||false|false\u00bb custom_margin_tablet=\u00bb\u00bb custom_margin_phone=\u00bb|||7px|false|false\u00bb custom_margin_last_edited=\u00bbon|phone\u00bb global_colors_info=\u00bb{}\u00bb]<\/p>\n<p>Haga clic en \u00abreservar\u00bb, a\u00f1ada los participantes, las opciones de estancia (electricidad, personas adicionales&#8230;)<\/p>\n<p>[\/et_pb_blurb][\/et_pb_column_inner][\/et_pb_row_inner][et_pb_row_inner _builder_version=\u00bb4.24.1&#8243; _module_preset=\u00bbdefault\u00bb global_colors_info=\u00bb{}\u00bb][et_pb_column_inner saved_specialty_column_type=\u00bb1_2&#8243; _builder_version=\u00bb4.24.1&#8243; _module_preset=\u00bbdefault\u00bb global_colors_info=\u00bb{}\u00bb][et_pb_blurb use_icon=\u00bbon\u00bb font_icon=\u00bb&#xe014;||divi||400&#8243; icon_color=\u00bb#000000&#8243; icon_placement=\u00bbleft\u00bb image_icon_width=\u00bb55px\u00bb _builder_version=\u00bb4.27.0&#8243; _module_preset=\u00bbdefault\u00bb body_font_size=\u00bb15px\u00bb body_line_height=\u00bb1.8em\u00bb image_icon_custom_margin=\u00bb-15px||||false|false\u00bb custom_margin_tablet=\u00bb\u00bb custom_margin_phone=\u00bb|||7px|false|false\u00bb custom_margin_last_edited=\u00bbon|phone\u00bb link_option_url=\u00bbhttps:\/\/www.laribere.fr\/es\/preguntas-frecuentes\/#paiement-3-fois\u00bb global_colors_info=\u00bb{}\u00bb]<\/p>\n<p>Finalice el pago de su prereserva, pago posible en <a href=\"https:\/\/www.laribere.fr\/es\/preguntas-frecuentes\/#paiement-3-fois\">3 plazos sin intereses<\/a><\/p>\n<p>[\/et_pb_blurb][\/et_pb_column_inner][\/et_pb_row_inner][et_pb_row_inner _builder_version=\u00bb4.24.1&#8243; _module_preset=\u00bbdefault\u00bb global_colors_info=\u00bb{}\u00bb][et_pb_column_inner saved_specialty_column_type=\u00bb1_2&#8243; _builder_version=\u00bb4.24.1&#8243; _module_preset=\u00bbdefault\u00bb global_colors_info=\u00bb{}\u00bb][et_pb_blurb use_icon=\u00bbon\u00bb font_icon=\u00bb&#xf410;||fa||400&#8243; icon_color=\u00bb#000000&#8243; icon_placement=\u00bbleft\u00bb image_icon_width=\u00bb55px\u00bb _builder_version=\u00bb4.26.0&#8243; _module_preset=\u00bbdefault\u00bb body_font_size=\u00bb15px\u00bb body_line_height=\u00bb1.8em\u00bb image_icon_custom_margin=\u00bb-15px||||false|false\u00bb custom_margin_tablet=\u00bb\u00bb custom_margin_phone=\u00bb|||7px|false|false\u00bb custom_margin_last_edited=\u00bbon|phone\u00bb link_option_url=\u00bbhttps:\/\/www.laribere.fr\/es\/preguntas-frecuentes\/#assurance-annulation\u00bb locked=\u00bboff\u00bb global_colors_info=\u00bb{}\u00bb]<\/p>\n<p><a href=\"https:\/\/www.laribere.fr\/es\/preguntas-frecuentes\/#assurance-annulation\">Seguro de cancelaci\u00f3n<\/a><a title=\"Preguntas frecuentes\" href=\"https:\/\/www.laribere.fr\/es\/preguntas-frecuentes\/\" target=\"_blank\" rel=\"noopener\"> <\/a> <\/p>\n<p>[\/et_pb_blurb][\/et_pb_column_inner][\/et_pb_row_inner][et_pb_row_inner _builder_version=\u00bb4.24.1&#8243; _module_preset=\u00bbdefault\u00bb global_colors_info=\u00bb{}\u00bb][et_pb_column_inner saved_specialty_column_type=\u00bb1_2&#8243; _builder_version=\u00bb4.24.1&#8243; _module_preset=\u00bbdefault\u00bb global_colors_info=\u00bb{}\u00bb][et_pb_button button_url=\u00bbhttps:\/\/reservation.secureholiday.net\/es\/859\/\u00bb button_text=\u00bbReserva ahora >\u00bb button_alignment=\u00bbcenter\u00bb _builder_version=\u00bb4.27.4&#8243; _module_preset=\u00bbdefault\u00bb custom_button=\u00bbon\u00bb button_text_size=\u00bb1.5em\u00bb button_text_color=\u00bb#FFFFFF\u00bb button_bg_color=\u00bb#393b3f\u00bb button_border_width=\u00bb0px\u00bb button_border_color=\u00bb#393b3f\u00bb button_border_radius=\u00bb12px\u00bb global_colors_info=\u00bb{}\u00bb][\/et_pb_button][\/et_pb_column_inner][\/et_pb_row_inner][\/et_pb_column][\/et_pb_section][et_pb_section fb_built=\u00bb1&#8243; _builder_version=\u00bb4.24.2&#8243; _module_preset=\u00bbdefault\u00bb custom_margin=\u00bb||1vh||false|false\u00bb custom_padding=\u00bb||0px||false|false\u00bb collapsed=\u00bbon\u00bb global_colors_info=\u00bb{}\u00bb][et_pb_row _builder_version=\u00bb4.24.1&#8243; _module_preset=\u00bbdefault\u00bb width=\u00bb100%\u00bb max_width=\u00bb90%\u00bb global_colors_info=\u00bb{}\u00bb][et_pb_column type=\u00bb4_4&#8243; _builder_version=\u00bb4.24.1&#8243; _module_preset=\u00bbdefault\u00bb global_colors_info=\u00bb{}\u00bb][et_pb_text _builder_version=\u00bb4.24.2&#8243; _module_preset=\u00bbdefault\u00bb header_2_text_align=\u00bbcenter\u00bb header_2_text_color=\u00bb#000000&#8243; header_2_font_size=\u00bb2.5em\u00bb global_colors_info=\u00bb{}\u00bb]<\/p>\n<h2>Explora nuestros otros alojamientos:<\/h2>\n<p>[\/et_pb_text][et_pb_code _builder_version=\u00bb4.24.2&#8243; _module_preset=\u00bbdefault\u00bb module_alignment=\u00bbcenter\u00bb custom_padding=\u00bb|7%||7%|false|true\u00bb global_colors_info=\u00bb{}\u00bb]<ctv-product-list><\/ctv-product-list><\/ctv-product-list>[\/et_pb_code][\/et_pb_column][\/et_pb_row][\/et_pb_section]<\/p>\n","protected":false},"excerpt":{"rendered":"<p>Camping La Rib\u00e8re Bar\u00e8ges | Parcelas para Tiendas de Campa\u00f1a y Autocaravanas con Vista a los PirineosEn el coraz\u00f3n de un entorno natural preservado y florido, el Camping La Rib\u00e8re les da la bienvenida en sus 16 parcelas espaciosas y privadas. Nuestro camping de tama\u00f1o familiar les ofrece una experiencia \u00fanica, alejado de los grandes complejos tur\u00edsticos. \u2728 Parcelas Dise\u00f1adas para Su Comodidad: Espacios generosos para tiendas de campa\u00f1a, caravanas y autocaravanas de hasta 7m Setos naturales que preservan su privacidad Conexiones el\u00e9ctricas de 10 amperios Sanitarios modernos e impecables \u00c1rea de juegos para ni\u00f1os y pista de petanca para momentos de convivencia \ud83c\udf3f La Autenticidad de un Camping Natural Idealmente ubicado a solo 10 minutos a pie de un r\u00edo refrescante y a 5 minutos de la piscina municipal, nuestro camping es el punto de partida perfecto para explorar los tesoros de los Pirineos: Gavarnie, el Pic du Midi, el Col du Tourmalet, el N\u00e9ouvielle y Cauterets. \ud83d\udcc5 Abierto de mayo a octubre \ud83c\udfaf Perfecto para: familias, grupos de amigos deportistas y viajeros de paso \u2b50 Reserve en l\u00ednea ahora y viva una aut\u00e9ntica experiencia de monta\u00f1a. Descripci\u00f3nPromociones del momento Tipo de parcela: Esta \u00e1rea est\u00e1 designada para tiendas [&hellip;]<\/p>\n","protected":false},"author":2,"featured_media":3911,"comment_status":"closed","ping_status":"open","sticky":false,"template":"","format":"standard","meta":{"_acf_changed":false,"_et_pb_use_builder":"on","_et_pb_old_content":"","_et_gb_content_width":"","ngg_post_thumbnail":0,"footnotes":""},"categories":[68],"tags":[],"class_list":["post-4119","post","type-post","status-publish","format-standard","has-post-thumbnail","hentry","category-parcelas"],"acf":[],"_links":{"self":[{"href":"https:\/\/www.laribere.fr\/es\/wp-json\/wp\/v2\/posts\/4119","targetHints":{"allow":["GET"]}}],"collection":[{"href":"https:\/\/www.laribere.fr\/es\/wp-json\/wp\/v2\/posts"}],"about":[{"href":"https:\/\/www.laribere.fr\/es\/wp-json\/wp\/v2\/types\/post"}],"author":[{"embeddable":true,"href":"https:\/\/www.laribere.fr\/es\/wp-json\/wp\/v2\/users\/2"}],"replies":[{"embeddable":true,"href":"https:\/\/www.laribere.fr\/es\/wp-json\/wp\/v2\/comments?post=4119"}],"version-history":[{"count":4,"href":"https:\/\/www.laribere.fr\/es\/wp-json\/wp\/v2\/posts\/4119\/revisions"}],"predecessor-version":[{"id":6384,"href":"https:\/\/www.laribere.fr\/es\/wp-json\/wp\/v2\/posts\/4119\/revisions\/6384"}],"wp:featuredmedia":[{"embeddable":true,"href":"https:\/\/www.laribere.fr\/es\/wp-json\/wp\/v2\/media\/3911"}],"wp:attachment":[{"href":"https:\/\/www.laribere.fr\/es\/wp-json\/wp\/v2\/media?parent=4119"}],"wp:term":[{"taxonomy":"category","embeddable":true,"href":"https:\/\/www.laribere.fr\/es\/wp-json\/wp\/v2\/categories?post=4119"},{"taxonomy":"post_tag","embeddable":true,"href":"https:\/\/www.laribere.fr\/es\/wp-json\/wp\/v2\/tags?post=4119"}],"curies":[{"name":"wp","href":"https:\/\/api.w.org\/{rel}","templated":true}]}}