{"id":4378,"date":"2024-03-28T08:31:52","date_gmt":"2024-03-28T07:31:52","guid":{"rendered":"https:\/\/www.laribere.fr\/stacaravan-voor-4-personen\/"},"modified":"2024-07-11T13:56:01","modified_gmt":"2024-07-11T11:56:01","slug":"stacaravan-voor-4-personen","status":"publish","type":"post","link":"https:\/\/www.laribere.fr\/nl\/stacaravan-voor-4-personen\/","title":{"rendered":"Stacaravan voor 2 tot 4 Personen"},"content":{"rendered":"<p>[et_pb_section fb_built=&#8221;1&#8243; disabled_on=&#8221;off|off|off&#8221; admin_label=&#8221;section 1&#8243; _builder_version=&#8221;4.24.2&#8243; _module_preset=&#8221;default&#8221; custom_margin=&#8221;2vh||0px||false|false&#8221; custom_padding=&#8221;0px||0px||true|false&#8221; global_colors_info=&#8221;{}&#8221;][et_pb_row column_structure=&#8221;2_3,1_3&#8243; _builder_version=&#8221;4.24.2&#8243; _module_preset=&#8221;default&#8221; width=&#8221;100%&#8221; max_width=&#8221;90%&#8221; custom_margin=&#8221;3vh||0px||false|false&#8221; custom_padding=&#8221;0px||0px||false|false&#8221; global_colors_info=&#8221;{}&#8221;][et_pb_column type=&#8221;2_3&#8243; _builder_version=&#8221;4.24.1&#8243; _module_preset=&#8221;default&#8221; global_colors_info=&#8221;{}&#8221;][et_pb_text admin_label=&#8221;h2 du logement&#8221; _builder_version=&#8221;4.25.1&#8243; _module_preset=&#8221;default&#8221; header_2_text_align=&#8221;justify&#8221; header_2_text_color=&#8221;#000000&#8243; header_2_font_size=&#8221;2.5em&#8221; global_colors_info=&#8221;{}&#8221;]<\/p>\n<h2>Charmante Stacaravan voor 2 tot 4 Personen in de Hautes-Pyr\u00e9n\u00e9es<\/h2>\n<p>[\/et_pb_text][et_pb_text admin_label=&#8221;description courte&#8221; _builder_version=&#8221;4.26.0&#8243; _module_preset=&#8221;default&#8221; text_font_size=&#8221;1.1em&#8221; hover_enabled=&#8221;0&#8243; global_colors_info=&#8221;{}&#8221; text_orientation_last_edited=&#8221;on|phone&#8221; text_orientation_phone=&#8221;justified&#8221; sticky_enabled=&#8221;0&#8243;]<\/p>\n<p>Ervaar de Hautes-Pyr\u00e9n\u00e9es in onze comfortabele &#8220;Marmotte&#8221; stacaravan, ontworpen voor 2 tot 4 personen. Perfect voor koppels, gezinnen of vrienden, de gunstige locatie biedt gemakkelijke toegang tot de Pyrenee\u00ebn. De 22m\u00b2 stacaravan beschikt over een ingerichte keuken<br \/>en een gezellige woonruimte. Twee comfortabele slaapkamers zorgen voor een goede nachtrust. De badkamer bevat een douche, een wastafel en aparte toiletten voor uw gemak. Vanaf het overdekte terras van 10m\u00b2, geniet van het prachtige uitzicht op de bergen. Uitgerust met ligstoelen en tuinmeubilair, is het de ideale plek om te genieten van de frisse berglucht.<br \/>van 10m\u00b2. Uitgerust met ligstoelen en tuinmeubilair, is dit de perfecte plek om te genieten van de frisse berglucht.<\/p>\n<h3>Diensten voor een Ontspannen Verblijf<\/h3>\n<p>We streven ernaar om een zorgeloze vakantie-ervaring te bieden. We bieden schoonmaakdiensten en verhuur van beddengoed, afhankelijk van de beschikbaarheid, om uw comfort te verhogen. Daarnaast kunnen gezinnen met jonge kinderen gratis een babykit reserveren.<\/p>\n<h3>&#8220;Marmotte&#8221; Stacaravan: Uw Toegang tot de Hautes-Pyr\u00e9n\u00e9es<\/h3>\n<p>Reserveer vandaag nog uw &#8220;Marmotte&#8221; stacaravan voor uw volgende reis in de Hautes-Pyr\u00e9n\u00e9es. Met de nabijheid van buitenactiviteiten en prachtige landschappen, dient onze stacaravan als de perfecte plek om op te laden.<\/p>\n<p>[\/et_pb_text][\/et_pb_column][et_pb_column type=&#8221;1_3&#8243; _builder_version=&#8221;4.24.1&#8243; _module_preset=&#8221;default&#8221; global_colors_info=&#8221;{}&#8221;][et_pb_code _builder_version=&#8221;4.24.2&#8243; _module_preset=&#8221;default&#8221; global_colors_info=&#8221;{}&#8221;]<ctv-availability data-product-id=\"95514\" data-background-color=\"#FFFFFFFF\"><\/ctv-availability>[\/et_pb_code][\/et_pb_column][\/et_pb_row][\/et_pb_section][et_pb_section fb_built=&#8221;1&#8243; admin_label=&#8221;Section 2&#8243; _builder_version=&#8221;4.24.2&#8243; _module_preset=&#8221;default&#8221; custom_padding=&#8221;3px||5vh||false|false&#8221; global_colors_info=&#8221;{}&#8221;][et_pb_row column_structure=&#8221;2_3,1_3&#8243; use_custom_gutter=&#8221;on&#8221; gutter_width=&#8221;2&#8243; _builder_version=&#8221;4.24.2&#8243; _module_preset=&#8221;default&#8221; width=&#8221;90%&#8221; max_width=&#8221;90%&#8221; custom_margin=&#8221;||0px||false|false&#8221; custom_padding=&#8221;||0px||false|false&#8221; global_colors_info=&#8221;{}&#8221;][et_pb_column type=&#8221;2_3&#8243; _builder_version=&#8221;4.24.0&#8243; _module_preset=&#8221;default&#8221; custom_padding=&#8221;|0px|||false|false&#8221; global_colors_info=&#8221;{}&#8221;][et_pb_slider disabled_on=&#8221;off|off|off&#8221; _builder_version=&#8221;4.25.1&#8243; _module_preset=&#8221;default&#8221; min_height=&#8221;540px&#8221; global_colors_info=&#8221;{}&#8221;][et_pb_slide _builder_version=&#8221;4.25.1&#8243; _module_preset=&#8221;default&#8221; background_enable_color=&#8221;off&#8221; background_image=&#8221;https:\/\/www.laribere.fr\/wp-content\/uploads\/2024\/03\/Mobil-home-4-personnes-Hautes-Pyrenees-marmotte-salon.webp&#8221; background_enable_image=&#8221;on&#8221; global_colors_info=&#8221;{}&#8221; sticky_transition=&#8221;on&#8221;][\/et_pb_slide][et_pb_slide _builder_version=&#8221;4.25.1&#8243; _module_preset=&#8221;default&#8221; background_enable_color=&#8221;off&#8221; background_image=&#8221;https:\/\/www.laribere.fr\/wp-content\/uploads\/2024\/03\/Mobil-home-4-personnes-Hautes-Pyrenees-marmotte-chambre.webp&#8221; background_enable_image=&#8221;on&#8221; global_colors_info=&#8221;{}&#8221; sticky_transition=&#8221;on&#8221;][\/et_pb_slide][et_pb_slide _builder_version=&#8221;4.25.1&#8243; _module_preset=&#8221;default&#8221; background_enable_color=&#8221;off&#8221; background_image=&#8221;https:\/\/www.laribere.fr\/wp-content\/uploads\/2024\/05\/mobil-home-chambre-2-lit.webp&#8221; background_enable_image=&#8221;on&#8221; global_colors_info=&#8221;{}&#8221; sticky_transition=&#8221;on&#8221;][\/et_pb_slide][\/et_pb_slider][\/et_pb_column][et_pb_column type=&#8221;1_3&#8243; _builder_version=&#8221;4.24.0&#8243; _module_preset=&#8221;default&#8221; custom_padding=&#8221;|||0px|false|false&#8221; global_colors_info=&#8221;{}&#8221;][et_pb_image src=&#8221;https:\/\/www.laribere.fr\/wp-content\/uploads\/2024\/03\/Mobil-home-4-personnes-Hautes-Pyrenees-marmotte-plan.webp&#8221; alt=&#8221;Mobil-home 4 personnes Hautes Pyr\u00e9n\u00e9es-marmotte-plan&#8221; title_text=&#8221;Mobil-home 4 personnes Hautes Pyr\u00e9n\u00e9es-marmotte-plan&#8221; force_fullwidth=&#8221;on&#8221; admin_label=&#8221;Image Lat\u00e9rale 1&#8243; _builder_version=&#8221;4.25.1&#8243; _module_preset=&#8221;default&#8221; min_height=&#8221;255px&#8221; max_height=&#8221;255px&#8221; custom_margin=&#8221;||30px||false|false&#8221; global_colors_info=&#8221;{}&#8221;][\/et_pb_image][et_pb_image src=&#8221;https:\/\/www.laribere.fr\/wp-content\/uploads\/2024\/03\/Mobil-home-4-personnes-Hautes-Pyrenees-marmotte-terrasse.webp&#8221; alt=&#8221;Mobil-home 4 personnes Hautes Pyr\u00e9n\u00e9es marmotte terrasse&#8221; title_text=&#8221;Mobil-home 4 personnes Hautes Pyr\u00e9n\u00e9es marmotte terrasse&#8221; force_fullwidth=&#8221;on&#8221; admin_label=&#8221;Image Lat\u00e9rale 2&#8243; _builder_version=&#8221;4.25.1&#8243; _module_preset=&#8221;default&#8221; min_height=&#8221;255px&#8221; max_height=&#8221;255px&#8221; global_colors_info=&#8221;{}&#8221;][\/et_pb_image][\/et_pb_column][\/et_pb_row][et_pb_row column_structure=&#8221;2_3,1_3&#8243; use_custom_gutter=&#8221;on&#8221; gutter_width=&#8221;2&#8243; _builder_version=&#8221;4.24.2&#8243; _module_preset=&#8221;default&#8221; width=&#8221;90%&#8221; max_width=&#8221;90%&#8221; custom_margin=&#8221;||0px||false|false&#8221; custom_padding=&#8221;||0px||false|false&#8221; global_colors_info=&#8221;{}&#8221;][et_pb_column type=&#8221;2_3&#8243; _builder_version=&#8221;4.24.2&#8243; _module_preset=&#8221;default&#8221; global_colors_info=&#8221;{}&#8221;][et_pb_text admin_label=&#8221;Titre : Descriptif&#8221; _builder_version=&#8221;4.24.2&#8243; _module_preset=&#8221;default&#8221; global_colors_info=&#8221;{}&#8221;]<\/p>\n<h2>Beschrijving van de stacaravan<\/h2>\n<p>[\/et_pb_text][\/et_pb_column][et_pb_column type=&#8221;1_3&#8243; _builder_version=&#8221;4.24.2&#8243; _module_preset=&#8221;default&#8221; global_colors_info=&#8221;{}&#8221;][et_pb_text disabled_on=&#8221;on|on|off&#8221; _builder_version=&#8221;4.26.0&#8243; _module_preset=&#8221;default&#8221; locked=&#8221;off&#8221; global_colors_info=&#8221;{}&#8221;]<\/p>\n<h2>Huidige aanbiedingen<\/h2>\n<p>[\/et_pb_text][\/et_pb_column][\/et_pb_row][et_pb_row column_structure=&#8221;1_3,1_3,1_3&#8243; use_custom_gutter=&#8221;on&#8221; gutter_width=&#8221;2&#8243; make_equal=&#8221;on&#8221; _builder_version=&#8221;4.24.2&#8243; _module_preset=&#8221;default&#8221; width=&#8221;90%&#8221; max_width=&#8221;90%&#8221; global_colors_info=&#8221;{}&#8221;][et_pb_column type=&#8221;1_3&#8243; _builder_version=&#8221;4.24.0&#8243; _module_preset=&#8221;default&#8221; custom_padding=&#8221;|0px|||false|false&#8221; global_colors_info=&#8221;{}&#8221;][et_pb_toggle title=&#8221;Algemeen&#8221; open_toggle_background_color=&#8221;#FFFFFF&#8221; closed_toggle_background_color=&#8221;#f9f9f9&#8243; icon_color=&#8221;#0c71c3&#8243; toggle_icon=&#8221;&#xf085;||fa||900&#8243; use_icon_font_size=&#8221;on&#8221; icon_font_size=&#8221;25px&#8221; open_icon_color=&#8221;#000000&#8243; open_toggle_icon=&#8221;&#xf085;||fa||900&#8243; open_use_icon_font_size=&#8221;on&#8221; open_icon_font_size=&#8221;17px&#8221; _builder_version=&#8221;4.25.1&#8243; _module_preset=&#8221;default&#8221; title_text_color=&#8221;#173740&#8243; title_level=&#8221;h3&#8243; border_width_all=&#8221;0px&#8221; border_color_all=&#8221;RGBA(255,255,255,0)&#8221; icon_color__hover=&#8221;#000000&#8243; icon_color__hover_enabled=&#8221;on|hover&#8221; global_colors_info=&#8221;{}&#8221; closed_toggle_text_color__hover_enabled=&#8221;on|hover&#8221; closed_toggle_text_color__hover=&#8221;#000000&#8243; open_toggle_text_color__hover_enabled=&#8221;on|desktop&#8221; title_text_color__hover=&#8221;#000000&#8243; title_text_color__hover_enabled=&#8221;on|desktop&#8221;]<\/p>\n<ul>\n<li><strong>Oppervlakte:<\/strong> De woonoppervlakte is 22 m\u00b2 en omvat een half overdekt terras van 10 m\u00b2.<\/li>\n<li><strong>Locatie:<\/strong> De accommodatie biedt een uitzonderlijk uitzicht op de bergen, perfect voor een verblijf in het hart van de natuur.<\/li>\n<li><strong>Accommodatie:<\/strong> Dit is een niet-rokers eigendom en is niet geschikt voor mensen met een handicap. De huur werd gebouwd in 2011. <\/li>\n<\/ul>\n<p>[\/et_pb_toggle][et_pb_toggle title=&#8221;Kamers &#038; Beddengoed&#8221; open_toggle_background_color=&#8221;#FFFFFF&#8221; closed_toggle_background_color=&#8221;#f9f9f9&#8243; icon_color=&#8221;#0c71c3&#8243; toggle_icon=&#8221;&#xf236;||fa||900&#8243; use_icon_font_size=&#8221;on&#8221; icon_font_size=&#8221;25px&#8221; open_icon_color=&#8221;#000000&#8243; open_toggle_icon=&#8221;&#xf236;||fa||900&#8243; open_use_icon_font_size=&#8221;on&#8221; open_icon_font_size=&#8221;17px&#8221; _builder_version=&#8221;4.25.1&#8243; _module_preset=&#8221;default&#8221; title_text_color=&#8221;#173740&#8243; title_level=&#8221;h3&#8243; border_width_all=&#8221;0px&#8221; border_color_all=&#8221;RGBA(255,255,255,0)&#8221; icon_color__hover=&#8221;#000000&#8243; icon_color__hover_enabled=&#8221;on|hover&#8221; global_colors_info=&#8221;{}&#8221; open_toggle_text_color__hover_enabled=&#8221;on|desktop&#8221; open_toggle_text_color__hover=&#8221;#000000&#8243; title_text_color__hover_enabled=&#8221;on|desktop&#8221; title_text_color__hover=&#8221;#000000&#8243;]<\/p>\n<ul>\n<li><strong>Aparte Slaapkamers:<\/strong> De woning heeft twee slaapkamers; \u00e9\u00e9n uitgerust met een tweepersoonsbed (140 x 190 cm) en de andere met twee eenpersoonsbedden (80 x 190 cm). Elke slaapkamer bevat luiken en een kleedkamer voor uw gemak. <\/li>\n<li><strong>Beddengoed:<\/strong> <span class=\"TextRun SCXW157728713 BCX0\" lang=\"FR-FR\" data-contrast=\"auto\"><span class=\"NormalTextRun SCXW157728713 BCX0\">Dekbedden, dekens, kussens en matrasbeschermers worden verstrekt.<\/span><\/span><span class=\"EOP SCXW157728713 BCX0\" data-ccp-props=\"{\"201341983\":0,\"335559739\":160,\"335559740\":278}\"> <\/span><\/li>\n<li><span class=\"NormalTextRun SCXW202275493 BCX0\"><strong>Optioneel: <\/strong> Bij reservering kunt u gebruik<\/span> <span class=\"NormalTextRun SCXW202275493 BCX0\"> maken van de huur van bedlinnen en het einde-van-het-verblijf schoonmaakpakket (exclusief keuken). Wij bieden ook een Babykit aan, die een kinderstoel<\/span> <span class=\"NormalTextRun SCXW202275493 BCX0\">en <\/span> <span class=\"NormalTextRun SCXW202275493 BCX0\">reiswieg bevat<\/span><span class=\"NormalTextRun SCXW202275493 BCX0\">, gratis. Dit is afhankelijk van de beschikbaarheid.<\/span><\/li>\n<\/ul>\n<p>[\/et_pb_toggle][et_pb_toggle title=&#8221;Apparatuur voor buiten&#8221; open_toggle_background_color=&#8221;#FFFFFF&#8221; closed_toggle_background_color=&#8221;#f9f9f9&#8243; icon_color=&#8221;#0c71c3&#8243; toggle_icon=&#8221;&#xe005;||fa||900&#8243; use_icon_font_size=&#8221;on&#8221; icon_font_size=&#8221;25px&#8221; open_icon_color=&#8221;#000000&#8243; open_toggle_icon=&#8221;&#xe005;||fa||900&#8243; open_use_icon_font_size=&#8221;on&#8221; open_icon_font_size=&#8221;17px&#8221; _builder_version=&#8221;4.25.1&#8243; _module_preset=&#8221;default&#8221; title_text_color=&#8221;#173740&#8243; title_level=&#8221;h3&#8243; border_width_all=&#8221;0px&#8221; border_color_all=&#8221;RGBA(255,255,255,0)&#8221; icon_color__hover=&#8221;#000000&#8243; icon_color__hover_enabled=&#8221;on|hover&#8221; global_colors_info=&#8221;{}&#8221; open_toggle_text_color__hover_enabled=&#8221;on|desktop&#8221; title_text_color__hover_enabled=&#8221;on|desktop&#8221; title_text_color__hover=&#8221;#000000&#8243;]<\/p>\n<p><strong>Terras:<\/strong> Deze half overdekte ruimte is ingericht met een tuintafel, stoelen, een parasol en een ligstoel voor ontspanning in de buitenlucht. Er is ook een gemeenschappelijke barbecue beschikbaar voor het grillen. <\/p>\n<p>[\/et_pb_toggle][\/et_pb_column][et_pb_column type=&#8221;1_3&#8243; _builder_version=&#8221;4.24.0&#8243; _module_preset=&#8221;default&#8221; custom_padding=&#8221;|||0px|false|false&#8221; global_colors_info=&#8221;{}&#8221;][et_pb_toggle title=&#8221;Keuken &#038; Badkamer&#8221; open_toggle_background_color=&#8221;#FFFFFF&#8221; closed_toggle_background_color=&#8221;#f9f9f9&#8243; icon_color=&#8221;#0c71c3&#8243; toggle_icon=&#8221;&#xf2e7;||fa||900&#8243; use_icon_font_size=&#8221;on&#8221; icon_font_size=&#8221;25px&#8221; open_icon_color=&#8221;#000000&#8243; open_toggle_icon=&#8221;&#xf2e7;||fa||900&#8243; open_use_icon_font_size=&#8221;on&#8221; open_icon_font_size=&#8221;17px&#8221; _builder_version=&#8221;4.25.1&#8243; _module_preset=&#8221;default&#8221; title_text_color=&#8221;#173740&#8243; title_level=&#8221;h3&#8243; border_width_all=&#8221;0px&#8221; border_color_all=&#8221;RGBA(255,255,255,0)&#8221; icon_color__hover=&#8221;#000000&#8243; icon_color__hover_enabled=&#8221;on|hover&#8221; global_colors_info=&#8221;{}&#8221; closed_toggle_text_color__hover_enabled=&#8221;on|hover&#8221; closed_toggle_text_color__hover=&#8221;#000000&#8243; open_toggle_text_color__hover_enabled=&#8221;on|desktop&#8221; title_text_color__hover=&#8221;#000000&#8243; title_text_color__hover_enabled=&#8221;on|desktop&#8221;]<\/p>\n<ul>\n<li><strong>Keuken: <\/strong> Het keukengedeelte heeft een volledig uitgeruste keuken, compleet met een koelkast\/vriezer, een kookplaat met 4 branders, een magnetron, een afzuigkap en een elektrisch koffiezetapparaat. De borden en bestek zijn voldoende voor het aantal bewoners. <\/li>\n<li><strong>Badkamer:<\/strong> Er is een priv\u00e9badkamer uitgerust met een douche en wastafel, samen met een apart toilet. <\/li>\n<\/ul>\n<p>[\/et_pb_toggle][et_pb_toggle title=&#8221;Interieuruitrusting&#8221; open_toggle_background_color=&#8221;#FFFFFF&#8221; closed_toggle_background_color=&#8221;#f9f9f9&#8243; icon_color=&#8221;#0c71c3&#8243; toggle_icon=&#8221;&#xf26c;||fa||900&#8243; use_icon_font_size=&#8221;on&#8221; icon_font_size=&#8221;25px&#8221; open_icon_color=&#8221;#000000&#8243; open_toggle_icon=&#8221;&#xf26c;||fa||900&#8243; open_use_icon_font_size=&#8221;on&#8221; open_icon_font_size=&#8221;17px&#8221; _builder_version=&#8221;4.25.1&#8243; _module_preset=&#8221;default&#8221; title_text_color=&#8221;#173740&#8243; title_level=&#8221;h3&#8243; border_width_all=&#8221;0px&#8221; border_color_all=&#8221;RGBA(255,255,255,0)&#8221; icon_color__hover=&#8221;#000000&#8243; icon_color__hover_enabled=&#8221;on|hover&#8221; global_colors_info=&#8221;{}&#8221; open_toggle_text_color__hover_enabled=&#8221;on|desktop&#8221; open_toggle_text_color__hover=&#8221;#000000&#8243; title_text_color__hover_enabled=&#8221;on|desktop&#8221; title_text_color__hover=&#8221;#000000&#8243;]<\/p>\n<ul>\n<li><strong>Thermische Installatie:<\/strong> Elektrische verwarming en dubbele beglazing zijn inbegrepen voor optimaal comfort. Let op: airconditioning is niet beschikbaar.<\/li>\n<li><strong>Multimedia: <\/strong> Televisie wordt gratis geleverd en bevat toegang tot Franse tv-zenders. Wi-Fi is beschikbaar tegen een extra vergoeding.<\/li>\n<\/ul>\n<p>[\/et_pb_toggle][et_pb_toggle title=&#8221;Overige Informatie&#8221; open_toggle_background_color=&#8221;#FFFFFF&#8221; closed_toggle_background_color=&#8221;#f9f9f9&#8243; icon_color=&#8221;#0c71c3&#8243; toggle_icon=&#8221;&#xf129;||fa||900&#8243; use_icon_font_size=&#8221;on&#8221; icon_font_size=&#8221;25px&#8221; open_icon_color=&#8221;#000000&#8243; open_toggle_icon=&#8221;&#xf129;||fa||900&#8243; open_use_icon_font_size=&#8221;on&#8221; open_icon_font_size=&#8221;17px&#8221; _builder_version=&#8221;4.25.1&#8243; _module_preset=&#8221;default&#8221; title_text_color=&#8221;#173740&#8243; title_level=&#8221;h3&#8243; border_width_all=&#8221;0px&#8221; border_color_all=&#8221;RGBA(255,255,255,0)&#8221; icon_color__hover=&#8221;#000000&#8243; icon_color__hover_enabled=&#8221;on|hover&#8221; global_colors_info=&#8221;{}&#8221; open_toggle_text_color__hover_enabled=&#8221;on|desktop&#8221; title_text_color__hover_enabled=&#8221;on|desktop&#8221; title_text_color__hover=&#8221;#000000&#8243;]<\/p>\n<ul>\n<li><strong>Parkeren:<\/strong> Er is een parkeerplaats in de buurt, <span class=\"TextRun SCXW79084123 BCX0\" lang=\"FR-FR\" data-contrast=\"auto\"><span class=\"NormalTextRun SCXW79084123 BCX0\">met een ruimte<\/span> <span class=\"NormalTextRun SCXW79084123 BCX0\">gereserveerd voor uw huur bij de ingang van de camping.<\/span><\/span><span class=\"EOP SCXW79084123 BCX0\" data-ccp-props=\"{\"201341983\":0,\"335559739\":160,\"335559740\":278}\"> <\/span><\/li>\n<li><strong>Huurwaarborg en kosten: <\/strong> Er is een borg van \u20ac200 vereist en kan worden betaald met een cr\u00e9ditcard.<\/li>\n<li><span class=\"TextRun SCXW122110521 BCX0\" lang=\"FR-FR\" xml:lang=\"FR-FR\" data-contrast=\"auto\"><span class=\"NormalTextRun SCXW122110521 BCX0\"><strong>Huisdieren:<\/strong> Om de rust van alle bezoekers te garanderen, zijn huisdieren niet toegestaan in dit chalet.<\/span><\/span><span class=\"EOP SCXW122110521 BCX0\" data-ccp-props=\"{\"201341983\":0,\"335559739\":160,\"335559740\":278}\"> <\/span><\/li>\n<li><span class=\"TextRun SCXW197279295 BCX0\" lang=\"FR-FR\" xml:lang=\"FR-FR\" data-contrast=\"auto\"><span class=\"NormalTextRun SCXW197279295 BCX0\">Beschikbaarheid van de huur: Verhuur is beschikbaar vanaf 16:00 uur op de dag van aankomst en moet worden verlaten om 10:00 uur op de dag van vertrek.<\/span><\/span><span class=\"EOP SCXW197279295 BCX0\" data-ccp-props=\"{\"201341983\":0,\"335559739\":160,\"335559740\":278}\"> <\/span><\/li>\n<\/ul>\n<p>[\/et_pb_toggle][\/et_pb_column][et_pb_column type=&#8221;1_3&#8243; _builder_version=&#8221;4.24.0&#8243; _module_preset=&#8221;default&#8221; custom_padding=&#8221;|||0px|false|false&#8221; global_colors_info=&#8221;{}&#8221;][et_pb_text disabled_on=&#8221;off|off|on&#8221; _builder_version=&#8221;4.26.0&#8243; _module_preset=&#8221;default&#8221; locked=&#8221;off&#8221; global_colors_info=&#8221;{}&#8221;]<\/p>\n<h2>Huidige aanbiedingen<\/h2>\n<p>[\/et_pb_text][et_pb_code _builder_version=&#8221;4.26.0&#8243; _module_preset=&#8221;default&#8221; global_colors_info=&#8221;{}&#8221;]<ctv-offers data-product-id=\"95514\" data-display-mode=\"carousel\"><\/ctv-offers>[\/et_pb_code][\/et_pb_column][\/et_pb_row][et_pb_row column_structure=&#8221;2_3,1_3&#8243; _builder_version=&#8221;4.24.3&#8243; _module_preset=&#8221;default&#8221; width=&#8221;100%&#8221; max_width=&#8221;90%&#8221; locked=&#8221;off&#8221; global_colors_info=&#8221;{}&#8221;][et_pb_column type=&#8221;2_3&#8243; _builder_version=&#8221;4.24.3&#8243; _module_preset=&#8221;default&#8221; global_colors_info=&#8221;{}&#8221;][et_pb_toggle title=&#8221;Wat onze klanten zeggen !&#8221; open_toggle_text_color=&#8221;#FFFFFF&#8221; open_toggle_background_color=&#8221;#393b3f&#8221; closed_toggle_text_color=&#8221;#FFFFFF&#8221; closed_toggle_background_color=&#8221;#393b3f&#8221; icon_color=&#8221;#FFFFFF&#8221; toggle_icon=&#8221;&#x50;||divi||400&#8243; use_icon_font_size=&#8221;on&#8221; icon_font_size=&#8221;32px&#8221; open_icon_color=&#8221;#FFFFFF&#8221; open_toggle_icon=&#8221;&#x4f;||divi||400&#8243; open_use_icon_font_size=&#8221;on&#8221; open_icon_font_size=&#8221;32px&#8221; _builder_version=&#8221;4.24.3&#8243; _module_preset=&#8221;default&#8221; title_text_color=&#8221;#FFFFFF&#8221; title_text_align=&#8221;justify&#8221; title_font_size=&#8221;2em&#8221; title_line_height=&#8221;1.5em&#8221; closed_title_text_align=&#8221;justify&#8221; closed_title_font_size=&#8221;2em&#8221; closed_title_line_height=&#8221;2em&#8221; body_text_align=&#8221;justify&#8221; body_text_color=&#8221;#FFFFFF&#8221; body_font_size=&#8221;1em&#8221; text_orientation=&#8221;justified&#8221; global_colors_info=&#8221;{}&#8221;]<ctv-reviews-list data-product-id=\"95514\"><\/ctv-reviews-list>[\/et_pb_toggle][\/et_pb_column][et_pb_column type=&#8221;1_3&#8243; _builder_version=&#8221;4.24.3&#8243; _module_preset=&#8221;default&#8221; global_colors_info=&#8221;{}&#8221;][\/et_pb_column][\/et_pb_row][\/et_pb_section][et_pb_section fb_built=&#8221;1&#8243; admin_label=&#8221;Section 4&#8243; _builder_version=&#8221;4.24.2&#8243; _module_preset=&#8221;default&#8221; background_color=&#8221;rgba(252,210,0,0.13)&#8221; global_colors_info=&#8221;{}&#8221;][et_pb_row _builder_version=&#8221;4.24.2&#8243; _module_preset=&#8221;default&#8221; global_colors_info=&#8221;{}&#8221;][et_pb_column type=&#8221;4_4&#8243; _builder_version=&#8221;4.24.2&#8243; _module_preset=&#8221;default&#8221; global_colors_info=&#8221;{}&#8221;][et_pb_text _builder_version=&#8221;4.25.1&#8243; _module_preset=&#8221;default&#8221; header_2_font_size=&#8221;2.5em&#8221; global_module=&#8221;2714&#8243; saved_tabs=&#8221;all&#8221; locked=&#8221;off&#8221; global_colors_info=&#8221;{}&#8221;]<\/p>\n<h2>Misschien vind je dit ook leuk:<\/h2>\n<p>[\/et_pb_text][et_pb_blog posts_number=&#8221;1&#8243; include_categories=&#8221;current,32,43,44&#8243; show_more=&#8221;on&#8221; show_author=&#8221;off&#8221; show_date=&#8221;off&#8221; show_categories=&#8221;off&#8221; show_pagination=&#8221;off&#8221; module_class=&#8221;left-blog-image&#8221; _builder_version=&#8221;4.24.2&#8243; _module_preset=&#8221;default&#8221; global_colors_info=&#8221;{}&#8221;][\/et_pb_blog][et_pb_code _builder_version=&#8221;4.24.2&#8243; _module_preset=&#8221;default&#8221; global_colors_info=&#8221;{}&#8221;]<\/p>\n<style><!-- [et_pb_line_break_holder] -->@media (min-width: 981px) {<!-- [et_pb_line_break_holder] -->\t.left-blog-image .et_pb_post .entry-featured-image-url {<!-- [et_pb_line_break_holder] -->    float: right;<!-- [et_pb_line_break_holder] -->    width: 100%;<!-- [et_pb_line_break_holder] -->    max-width: 350px;<!-- [et_pb_line_break_holder] -->    margin: -3% 0px 0px 30px;<!-- [et_pb_line_break_holder] -->}<!-- [et_pb_line_break_holder] -->  .left-blog-image .et_pb_post {<!-- [et_pb_line_break_holder] -->    margin-bottom: 0px !important;<!-- [et_pb_line_break_holder] -->  }<!-- [et_pb_line_break_holder] -->}<!-- [et_pb_line_break_holder] --><\/style>\n<p>[\/et_pb_code][\/et_pb_column][\/et_pb_row][\/et_pb_section][et_pb_section fb_built=&#8221;1&#8243; specialty=&#8221;on&#8221; padding_top_1=&#8221;0px&#8221; padding_top_2=&#8221;0px&#8221; padding_right_1=&#8221;0px&#8221; padding_right_2=&#8221;0px&#8221; padding_bottom_1=&#8221;0px&#8221; padding_bottom_2=&#8221;0px&#8221; padding_left_1=&#8221;0px&#8221; padding_left_2=&#8221;0px&#8221; padding_top_bottom_link_1=&#8221;false&#8221; padding_top_bottom_link_2=&#8221;false&#8221; padding_left_right_link_1=&#8221;false&#8221; padding_left_right_link_2=&#8221;false&#8221; admin_label=&#8221;Etapes de r\u00e9servation&#8221; _builder_version=&#8221;4.25.1&#8243; _module_preset=&#8221;default&#8221; custom_margin=&#8221;2vh||||false|false&#8221; custom_padding=&#8221;0px|0px|0px|0px|false|false&#8221; locked=&#8221;off&#8221; collapsed=&#8221;on&#8221; global_colors_info=&#8221;{}&#8221;][et_pb_column type=&#8221;1_2&#8243; _builder_version=&#8221;4.16&#8243; custom_padding=&#8221;|||&#8221; global_colors_info=&#8221;{}&#8221; custom_padding__hover=&#8221;|||&#8221;][et_pb_image src=&#8221;https:\/\/www.laribere.fr\/wp-content\/uploads\/2024\/02\/chalet-6-personnes-cusine.jpg&#8221; title_text=&#8221;Chalet voor 6 personen met keuken&#8221; force_fullwidth=&#8221;on&#8221; _builder_version=&#8221;4.25.1&#8243; _module_preset=&#8221;default&#8221; min_height=&#8221;400px&#8221; global_colors_info=&#8221;{}&#8221;][\/et_pb_image][\/et_pb_column][et_pb_column type=&#8221;1_2&#8243; specialty_columns=&#8221;2&#8243; _builder_version=&#8221;4.16&#8243; custom_padding=&#8221;|||&#8221; global_colors_info=&#8221;{}&#8221; custom_padding__hover=&#8221;|||&#8221;][et_pb_row_inner _builder_version=&#8221;4.24.1&#8243; _module_preset=&#8221;default&#8221; global_colors_info=&#8221;{}&#8221;][et_pb_column_inner saved_specialty_column_type=&#8221;1_2&#8243; _builder_version=&#8221;4.24.1&#8243; _module_preset=&#8221;default&#8221; global_colors_info=&#8221;{}&#8221;][et_pb_text _builder_version=&#8221;4.25.1&#8243; _module_preset=&#8221;default&#8221; header_2_text_align=&#8221;center&#8221; header_2_text_color=&#8221;#000000&#8243; header_2_font_size=&#8221;2.5em&#8221; global_colors_info=&#8221;{}&#8221;]<\/p>\n<h2>De stappen van de reservering<\/h2>\n<p>[\/et_pb_text][\/et_pb_column_inner][\/et_pb_row_inner][et_pb_row_inner _builder_version=&#8221;4.24.1&#8243; _module_preset=&#8221;default&#8221; global_colors_info=&#8221;{}&#8221;][et_pb_column_inner saved_specialty_column_type=&#8221;1_2&#8243; _builder_version=&#8221;4.24.1&#8243; _module_preset=&#8221;default&#8221; global_colors_info=&#8221;{}&#8221;][et_pb_blurb use_icon=&#8221;on&#8221; font_icon=&#8221;&#xf073;||fa||900&#8243; icon_color=&#8221;#000000&#8243; icon_placement=&#8221;left&#8221; image_icon_width=&#8221;55px&#8221; _builder_version=&#8221;4.26.0&#8243; _module_preset=&#8221;default&#8221; body_font_size=&#8221;15px&#8221; body_line_height=&#8221;1.8em&#8221; image_icon_custom_margin=&#8221;-15px||||false|false&#8221; global_colors_info=&#8221;{}&#8221;]Selecteer uw datums en klik op &#8220;<a href=\"https:\/\/reservation.secureholiday.net\/nl\/859\/\" target=\"_blank\" rel=\"noopener\" title=\"Reserveren\">meer zien<\/a>&#8220;[\/et_pb_blurb][\/et_pb_column_inner][\/et_pb_row_inner][et_pb_row_inner _builder_version=&#8221;4.24.1&#8243; _module_preset=&#8221;default&#8221; global_colors_info=&#8221;{}&#8221;][et_pb_column_inner saved_specialty_column_type=&#8221;1_2&#8243; _builder_version=&#8221;4.24.1&#8243; _module_preset=&#8221;default&#8221; global_colors_info=&#8221;{}&#8221;][et_pb_blurb use_icon=&#8221;on&#8221; font_icon=&#8221;&#x69;||divi||400&#8243; icon_color=&#8221;#000000&#8243; icon_placement=&#8221;left&#8221; image_icon_width=&#8221;55px&#8221; _builder_version=&#8221;4.25.1&#8243; _module_preset=&#8221;default&#8221; body_font_size=&#8221;15px&#8221; body_line_height=&#8221;1.8em&#8221; image_icon_custom_margin=&#8221;-15px||||false|false&#8221; global_colors_info=&#8221;{}&#8221;]<\/p>\n<p>U wordt doorgestuurd naar ons boekingsplatform<\/p>\n<p>[\/et_pb_blurb][\/et_pb_column_inner][\/et_pb_row_inner][et_pb_row_inner _builder_version=&#8221;4.24.1&#8243; _module_preset=&#8221;default&#8221; global_colors_info=&#8221;{}&#8221;][et_pb_column_inner saved_specialty_column_type=&#8221;1_2&#8243; _builder_version=&#8221;4.24.1&#8243; _module_preset=&#8221;default&#8221; global_colors_info=&#8221;{}&#8221;][et_pb_blurb use_icon=&#8221;on&#8221; font_icon=&#8221;&#xe001;||divi||400&#8243; icon_color=&#8221;#000000&#8243; icon_placement=&#8221;left&#8221; image_icon_width=&#8221;55px&#8221; _builder_version=&#8221;4.25.1&#8243; _module_preset=&#8221;default&#8221; body_font_size=&#8221;15px&#8221; body_line_height=&#8221;1.8em&#8221; image_icon_custom_margin=&#8221;-15px||||false|false&#8221; global_colors_info=&#8221;{}&#8221;]<\/p>\n<p>Klik op &#8220;boeken&#8221;, voeg de deelnemers toe en kies verblijfsopties<\/p>\n<p>[\/et_pb_blurb][\/et_pb_column_inner][\/et_pb_row_inner][et_pb_row_inner _builder_version=&#8221;4.24.1&#8243; _module_preset=&#8221;default&#8221; global_colors_info=&#8221;{}&#8221;][et_pb_column_inner saved_specialty_column_type=&#8221;1_2&#8243; _builder_version=&#8221;4.24.1&#8243; _module_preset=&#8221;default&#8221; global_colors_info=&#8221;{}&#8221;][et_pb_blurb use_icon=&#8221;on&#8221; font_icon=&#8221;&#xe014;||divi||400&#8243; icon_color=&#8221;#000000&#8243; icon_placement=&#8221;left&#8221; image_icon_width=&#8221;55px&#8221; _builder_version=&#8221;4.25.1&#8243; _module_preset=&#8221;default&#8221; body_font_size=&#8221;15px&#8221; body_line_height=&#8221;1.8em&#8221; image_icon_custom_margin=&#8221;-15px||||false|false&#8221; link_option_url=&#8221;https:\/\/www.laribere.fr\/nl\/vragen\/#paiement-3-fois&#8221; global_colors_info=&#8221;{}&#8221;]<\/p>\n<p>Voltooi de betaling voor uw voorboeking, met een optie voor <a href=\"https:\/\/www.laribere.fr\/nl\/vragen\/#paiement-3-fois\"> 3 termijnen zonder kosten <\/a><\/p>\n<p>[\/et_pb_blurb][\/et_pb_column_inner][\/et_pb_row_inner][et_pb_row_inner _builder_version=&#8221;4.24.1&#8243; _module_preset=&#8221;default&#8221; global_colors_info=&#8221;{}&#8221;][et_pb_column_inner saved_specialty_column_type=&#8221;1_2&#8243; _builder_version=&#8221;4.24.1&#8243; _module_preset=&#8221;default&#8221; global_colors_info=&#8221;{}&#8221;][et_pb_blurb use_icon=&#8221;on&#8221; font_icon=&#8221;&#xf410;||fa||400&#8243; icon_color=&#8221;#000000&#8243; icon_placement=&#8221;left&#8221; image_icon_width=&#8221;55px&#8221; _builder_version=&#8221;4.25.1&#8243; _module_preset=&#8221;default&#8221; body_font_size=&#8221;15px&#8221; body_line_height=&#8221;1.8em&#8221; image_icon_custom_margin=&#8221;-15px||||false|false&#8221; link_option_url=&#8221;https:\/\/www.laribere.fr\/nl\/vragen\/#assurance-annulation&#8221; global_colors_info=&#8221;{}&#8221;]<\/p>\n<p><a title=\"Veelgestelde vragen\" href=\"https:\/\/www.laribere.fr\/nl\/vragen\/\" target=\"_blank\" rel=\"noopener\">Annulering<\/a><a href=\"https:\/\/www.laribere.fr\/nl\/vragen\/#assurance-annulation\">sverzekering<\/a> <\/p>\n<p>[\/et_pb_blurb][\/et_pb_column_inner][\/et_pb_row_inner][et_pb_row_inner _builder_version=&#8221;4.25.1&#8243; _module_preset=&#8221;default&#8221; global_colors_info=&#8221;{}&#8221;][et_pb_column_inner saved_specialty_column_type=&#8221;1_2&#8243; _builder_version=&#8221;4.24.1&#8243; _module_preset=&#8221;default&#8221; global_colors_info=&#8221;{}&#8221;][et_pb_button button_url=&#8221;https:\/\/reservation.secureholiday.net\/nl\/859\/&#8221; button_text=&#8221;Zie meer&#8221; button_alignment=&#8221;center&#8221; _builder_version=&#8221;4.26.0&#8243; _module_preset=&#8221;default&#8221; custom_button=&#8221;on&#8221; button_text_size=&#8221;1.5em&#8221; button_text_color=&#8221;#FFFFFF&#8221; button_bg_color=&#8221;#393b3f&#8221; button_border_width=&#8221;0px&#8221; button_border_color=&#8221;#393b3f&#8221; button_border_radius=&#8221;12px&#8221; global_colors_info=&#8221;{}&#8221;][\/et_pb_button][\/et_pb_column_inner][\/et_pb_row_inner][\/et_pb_column][\/et_pb_section][et_pb_section fb_built=&#8221;1&#8243; _builder_version=&#8221;4.24.2&#8243; _module_preset=&#8221;default&#8221; custom_margin=&#8221;||1vh||false|false&#8221; custom_padding=&#8221;||0px||false|false&#8221; global_colors_info=&#8221;{}&#8221;][et_pb_row _builder_version=&#8221;4.24.1&#8243; _module_preset=&#8221;default&#8221; width=&#8221;100%&#8221; max_width=&#8221;90%&#8221; global_colors_info=&#8221;{}&#8221;][et_pb_column type=&#8221;4_4&#8243; _builder_version=&#8221;4.24.1&#8243; _module_preset=&#8221;default&#8221; global_colors_info=&#8221;{}&#8221;][et_pb_text _builder_version=&#8221;4.24.2&#8243; _module_preset=&#8221;default&#8221; header_2_text_align=&#8221;center&#8221; header_2_text_color=&#8221;#000000&#8243; header_2_font_size=&#8221;2.5em&#8221; global_colors_info=&#8221;{}&#8221;]<\/p>\n<h2>Ontdek onze andere accommodaties:<\/h2>\n<p>[\/et_pb_text][et_pb_code _builder_version=&#8221;4.24.2&#8243; _module_preset=&#8221;default&#8221; module_alignment=&#8221;center&#8221; custom_padding=&#8221;|7%||7%|false|true&#8221; global_colors_info=&#8221;{}&#8221;]<ctv-product-list><\/ctv-product-list>[\/et_pb_code][\/et_pb_column][\/et_pb_row][\/et_pb_section]<\/p>\n","protected":false},"excerpt":{"rendered":"<p>Ervaar de Hautes-Pyr\u00e9n\u00e9es in onze comfortabele &#8220;Marmotte&#8221; stacaravan, ontworpen voor 2 tot 4 personen. Perfect voor koppels, gezinnen of vrienden, de gunstige locatie biedt gemakkelijke toegang tot de Pyrenee\u00ebn. De 22m\u00b2 stacaravan beschikt over een ingerichte keuken en een gezellige woonruimte. Twee comfortabele slaapkamers zorgen voor een goede nachtrust. De badkamer bevat een douche, een wastafel en aparte toiletten voor uw gemak. Vanaf het overdekte terras van 10m\u00b2, geniet van het prachtige uitzicht op de bergen. Uitgerust met ligstoelen en tuinmeubilair, is het de ideale plek om te genieten van de frisse berglucht.    <\/p>\n","protected":false},"author":2,"featured_media":6103,"comment_status":"closed","ping_status":"open","sticky":false,"template":"","format":"standard","meta":{"_acf_changed":false,"_et_pb_use_builder":"on","_et_pb_old_content":"","_et_gb_content_width":"","ngg_post_thumbnail":0,"footnotes":""},"categories":[86],"tags":[],"class_list":["post-4378","post","type-post","status-publish","format-standard","has-post-thumbnail","hentry","category-stacaravan"],"acf":[],"_links":{"self":[{"href":"https:\/\/www.laribere.fr\/nl\/wp-json\/wp\/v2\/posts\/4378","targetHints":{"allow":["GET"]}}],"collection":[{"href":"https:\/\/www.laribere.fr\/nl\/wp-json\/wp\/v2\/posts"}],"about":[{"href":"https:\/\/www.laribere.fr\/nl\/wp-json\/wp\/v2\/types\/post"}],"author":[{"embeddable":true,"href":"https:\/\/www.laribere.fr\/nl\/wp-json\/wp\/v2\/users\/2"}],"replies":[{"embeddable":true,"href":"https:\/\/www.laribere.fr\/nl\/wp-json\/wp\/v2\/comments?post=4378"}],"version-history":[{"count":3,"href":"https:\/\/www.laribere.fr\/nl\/wp-json\/wp\/v2\/posts\/4378\/revisions"}],"predecessor-version":[{"id":5716,"href":"https:\/\/www.laribere.fr\/nl\/wp-json\/wp\/v2\/posts\/4378\/revisions\/5716"}],"wp:featuredmedia":[{"embeddable":true,"href":"https:\/\/www.laribere.fr\/nl\/wp-json\/wp\/v2\/media\/6103"}],"wp:attachment":[{"href":"https:\/\/www.laribere.fr\/nl\/wp-json\/wp\/v2\/media?parent=4378"}],"wp:term":[{"taxonomy":"category","embeddable":true,"href":"https:\/\/www.laribere.fr\/nl\/wp-json\/wp\/v2\/categories?post=4378"},{"taxonomy":"post_tag","embeddable":true,"href":"https:\/\/www.laribere.fr\/nl\/wp-json\/wp\/v2\/tags?post=4378"}],"curies":[{"name":"wp","href":"https:\/\/api.w.org\/{rel}","templated":true}]}}